{"id":34882,"date":"2018-06-15T20:25:12","date_gmt":"2018-06-15T23:25:12","guid":{"rendered":"https:\/\/eldiariodesanpedro.com.ar\/sitio\/?p=34882"},"modified":"2026-01-24T00:13:28","modified_gmt":"2026-01-24T03:13:28","slug":"los-murcielagos-finalistas-del-mundial-de-espana","status":"publish","type":"post","link":"https:\/\/eldiariodesanpedro.com.ar\/sitio\/los-murcielagos-finalistas-del-mundial-de-espana\/","title":{"rendered":"Los Murci\u00e9lagos, finalistas del Mundial de Espa\u00f1a"},"content":{"rendered":"<p><!-- VideographyWP Plugin Message: Automatic video embedding prevented by plugin options. --><br \/>\nLa Selecci\u00f3n Argentina de f\u00fatbol para ciegos venci\u00f3 por 1-0 a Rusia y se clasific\u00f3 para jugar la final del Mundial de Espa\u00f1a. \u00c1ngel Deldo marc\u00f3 el \u00fanico tanto del encuentro, que se disput\u00f3 en el Sagrado Coraz\u00f3n de Madrid. El rival de Argentina ser\u00e1 el vencedor del duelo que sostendr\u00e1n Brasil y China esta tarde.<\/p>\n<p>  La semifinal ante Rusia fue un calco de lo que sucedi\u00f3 ante Inglaterra. Con una Selecci\u00f3n Argentina que sali\u00f3 decidida, que rompi\u00f3 el cero en el arranque del encuentro. A los 7 minutos, \u00c1ngel Deldo pele\u00f3 una pelota, se cay\u00f3 suelo y se levant\u00f3, y luego defini\u00f3 de cucharita sobre la salida del arquero. Un golazo.<br \/>\n  A partir del gol, Argentina creci\u00f3 y domin\u00f3 a voluntad. Padilla tuvo el segundo, pero el arquero ruso se lo neg\u00f3. Rusia, por su parte, no hac\u00eda pie.<\/p>\n<p>  En la segunda parte, Rusia se par\u00f3 m\u00e1s arriba y tuvo un par de chances, bien resueltas por el seguro Dar\u00edo Lencina. Los Murci\u00e9lagos, en tanto, llegaron una y otra vez. Nico V\u00e9liz y Padilla estuvieron cerca del segundo tanto. Con el pitazo final, lleg\u00f3 el festejo de los jugadores y el cuerpo t\u00e9cnico.<\/p>\n<p>  Argentina form\u00f3 con Dar\u00edo Lencina; Froil\u00e1n Padilla, \u00c1ngel Deldo, Federico Accardi y Maximiliano Espinillo. Luego ingresaron Nicol\u00e1s V\u00e9liz, David Peralta y Lucas Rodr\u00edguez.<\/p>\n<p>Los Murci\u00e9lagos, ahora, est\u00e1n a un paso de alcanzar la gloria. El domingo, desde las 7 de la ma\u00f1ana, buscar\u00e1n su tercera Copa del Mundo. Velo y la selecci\u00f3n se coronaron campeones en 2002 y 2006. <\/p>\n<p>  La Argentina est\u00e1 representada por los mismos 15 integrantes que en diciembre pasado ganaron la Copa Am\u00e9rica en Chile: Los entrenadores Mart\u00edn Demonte, Claudio Falco y Germ\u00e1n M\u00e1rquez; el asistente t\u00e9cnico Agust\u00edn Rojas; el doctor Juan Manuel Crespo; los arqueros Dar\u00edo Lencina (Estudiantes de La Plata) y Germ\u00e1n Muleck (Rosell de San Isidro) y los futbolistas Silvio Velo (Boca Juniors); Froil\u00e1n Padilla y Federico Accardi (Uniredes de Mendoza); Lucas Rodr\u00edguez y Nicol\u00e1s V\u00e9liz (Municipalidad de C\u00f3rdoba), \u00c1ngel Deldo (ACHADEC de Chaco) , Maximiliano Espinillo (UCORCI de C\u00f3rdoba) y David Peralta (Estudiantes de La Plata).<\/p>\n<p><img decoding=\"async\" data-attachment-id=\"34884\" data-permalink=\"https:\/\/eldiariodesanpedro.com.ar\/sitio\/los-murcielagos-finalistas-del-mundial-de-espana\/murcielagos-familiares-y-jugadores-en-la-euforia\/\" data-orig-file=\"https:\/\/eldiariodesanpedro.com.ar\/sitio\/wp-content\/uploads\/2018\/06\/murcielagos-Familiares-y-jugadores-en-la-euforia.jpg\" data-orig-size=\"300,203\" data-comments-opened=\"1\" data-image-meta=\"{&quot;aperture&quot;:&quot;0&quot;,&quot;credit&quot;:&quot;&quot;,&quot;camera&quot;:&quot;&quot;,&quot;caption&quot;:&quot;&quot;,&quot;created_timestamp&quot;:&quot;0&quot;,&quot;copyright&quot;:&quot;&quot;,&quot;focal_length&quot;:&quot;0&quot;,&quot;iso&quot;:&quot;0&quot;,&quot;shutter_speed&quot;:&quot;0&quot;,&quot;title&quot;:&quot;&quot;,&quot;orientation&quot;:&quot;0&quot;}\" data-image-title=\"murcielagos Familiares y jugadores en la euforia\" data-image-description=\"\" data-image-caption=\"\" data-large-file=\"https:\/\/eldiariodesanpedro.com.ar\/sitio\/wp-content\/uploads\/2018\/06\/murcielagos-Familiares-y-jugadores-en-la-euforia.jpg\" data-src=\"https:\/\/eldiariodesanpedro.com.ar\/sitio\/wp-content\/uploads\/2018\/06\/murcielagos-Familiares-y-jugadores-en-la-euforia.jpg\" alt=\"\" width=\"300\" height=\"203\" class=\"alignnone size-full wp-image-34884 lazyload\" src=\"data:image\/svg+xml;base64,PHN2ZyB3aWR0aD0iMSIgaGVpZ2h0PSIxIiB4bWxucz0iaHR0cDovL3d3dy53My5vcmcvMjAwMC9zdmciPjwvc3ZnPg==\" style=\"--smush-placeholder-width: 300px; --smush-placeholder-aspect-ratio: 300\/203;\" \/><\/p>\n","protected":false},"excerpt":{"rendered":"<p>La Selecci\u00f3n Argentina de f\u00fatbol para ciegos venci\u00f3 por 1-0 a Rusia y se clasific\u00f3 para jugar la final del Mundial de Espa\u00f1a. \u00c1ngel Deldo marc\u00f3 el \u00fanico tanto del encuentro, que se disput\u00f3 en el Sagrado Coraz\u00f3n de Madrid. El rival de Argentina ser\u00e1 el vencedor del duelo que sostendr\u00e1n Brasil y China esta [&hellip;]<\/p>\n","protected":false},"author":4,"featured_media":34883,"comment_status":"open","ping_status":"closed","sticky":false,"template":"","format":"standard","meta":{"om_disable_all_campaigns":false,"_jetpack_memberships_contains_paid_content":false,"footnotes":""},"categories":[5],"tags":[],"class_list":["post-34882","post","type-post","status-publish","format-standard","has-post-thumbnail","hentry","category-deportes"],"aioseo_notices":[],"gutentor_comment":0,"jetpack_featured_media_url":"https:\/\/eldiariodesanpedro.com.ar\/sitio\/wp-content\/uploads\/2018\/06\/Velo-y-sus-compa\u00f1eros-festejando-meterse-en-otra-final.jpg","jetpack_shortlink":"https:\/\/wp.me\/p6RhLt-94C","jetpack_sharing_enabled":true,"_links":{"self":[{"href":"https:\/\/eldiariodesanpedro.com.ar\/sitio\/wp-json\/wp\/v2\/posts\/34882","targetHints":{"allow":["GET"]}}],"collection":[{"href":"https:\/\/eldiariodesanpedro.com.ar\/sitio\/wp-json\/wp\/v2\/posts"}],"about":[{"href":"https:\/\/eldiariodesanpedro.com.ar\/sitio\/wp-json\/wp\/v2\/types\/post"}],"author":[{"embeddable":true,"href":"https:\/\/eldiariodesanpedro.com.ar\/sitio\/wp-json\/wp\/v2\/users\/4"}],"replies":[{"embeddable":true,"href":"https:\/\/eldiariodesanpedro.com.ar\/sitio\/wp-json\/wp\/v2\/comments?post=34882"}],"version-history":[{"count":1,"href":"https:\/\/eldiariodesanpedro.com.ar\/sitio\/wp-json\/wp\/v2\/posts\/34882\/revisions"}],"predecessor-version":[{"id":34885,"href":"https:\/\/eldiariodesanpedro.com.ar\/sitio\/wp-json\/wp\/v2\/posts\/34882\/revisions\/34885"}],"wp:featuredmedia":[{"embeddable":true,"href":"https:\/\/eldiariodesanpedro.com.ar\/sitio\/wp-json\/wp\/v2\/media\/34883"}],"wp:attachment":[{"href":"https:\/\/eldiariodesanpedro.com.ar\/sitio\/wp-json\/wp\/v2\/media?parent=34882"}],"wp:term":[{"taxonomy":"category","embeddable":true,"href":"https:\/\/eldiariodesanpedro.com.ar\/sitio\/wp-json\/wp\/v2\/categories?post=34882"},{"taxonomy":"post_tag","embeddable":true,"href":"https:\/\/eldiariodesanpedro.com.ar\/sitio\/wp-json\/wp\/v2\/tags?post=34882"}],"curies":[{"name":"wp","href":"https:\/\/api.w.org\/{rel}","templated":true}]}}