{"id":34877,"date":"2018-06-15T20:21:31","date_gmt":"2018-06-15T23:21:31","guid":{"rendered":"https:\/\/eldiariodesanpedro.com.ar\/sitio\/?p=34877"},"modified":"2018-06-15T20:21:31","modified_gmt":"2018-06-15T23:21:31","slug":"un-nuevo-tiempo-para-el-socialismo-bonaerense","status":"publish","type":"post","link":"https:\/\/eldiariodesanpedro.com.ar\/sitio\/un-nuevo-tiempo-para-el-socialismo-bonaerense\/","title":{"rendered":"Un nuevo tiempo para el socialismo bonaerense"},"content":{"rendered":"<p><!-- VideographyWP Plugin Message: Automatic video embedding prevented by plugin options. --><br \/>\n  El jueves, el Secretario General electo del Partido Socialista de la Provincia de Buenos Aires (PS BA), Fernando Nouet, se reuni\u00f3 en Rosario con el Presidente del PS Argentina, Antonio Bonfatti, luego de las elecciones internas del pasado domingo 10 de junio de 2018.   Lo acompa\u00f1\u00f3 el concejal (MC) y miembro de la nueva Junta Ejecutiva Provincial, Rodolfo Lacabanne.<\/p>\n<p>  Con el objeto de presentar a la nueva conducci\u00f3n del socialismo bonaerense, Nouet remarc\u00f3 que \u201cel tiempo de las definiciones internas fue superado por el di\u00e1logo, la democracia interna y requiere un camino de consensos para fortalecer al Partido Socialista y abrir todos los lugares de participaci\u00f3n posible. Se logr\u00f3 conformar una Junta Ejecutiva Provincial con renovaci\u00f3n generacional, referentes territoriales y compromisos que van a encausar este proceso de transformaci\u00f3n y fortalecimiento partidario. Necesitamos volver a entablar los espacios org\u00e1nicos de participaci\u00f3n y resoluci\u00f3n pol\u00edtica, y dar marcha a las demandas de los afiliados por una alternativa progresista al ajuste y a la corrupci\u00f3n, desde un partido que haga honor a sus banderas y causas\u201d.<\/p>\n<p>  Junto a Antonio Bonfatti coincidi\u00f3 en \u201cla importancia del desarrollo territorial e institucional del PS en la Provincia de Buenos Aires y de encarar el di\u00e1logo para la alternativa progresista contra el neoliberalismo y el populismo de derecha. Tenemos que garantizar nuestra unidad para encaminar la Provincia de Buenos Aires en un proyecto federal y progresista\u201d.<\/p>\n","protected":false},"excerpt":{"rendered":"<p>El jueves, el Secretario General electo del Partido Socialista de la Provincia de Buenos Aires (PS BA), Fernando Nouet, se reuni\u00f3 en Rosario con el Presidente del PS Argentina, Antonio Bonfatti, luego de las elecciones internas del pasado domingo 10 de junio de 2018. Lo acompa\u00f1\u00f3 el concejal (MC) y miembro de la nueva Junta [&hellip;]<\/p>\n","protected":false},"author":4,"featured_media":34879,"comment_status":"open","ping_status":"closed","sticky":false,"template":"","format":"standard","meta":{"om_disable_all_campaigns":false,"_jetpack_memberships_contains_paid_content":false,"footnotes":""},"categories":[2,102],"tags":[],"class_list":["post-34877","post","type-post","status-publish","format-standard","has-post-thumbnail","hentry","category-locales","category-politica-locales"],"aioseo_notices":[],"gutentor_comment":0,"jetpack_featured_media_url":"https:\/\/eldiariodesanpedro.com.ar\/sitio\/wp-content\/uploads\/2018\/06\/Lacabanne-Bonfatti-y-Nouet.jpeg","jetpack_shortlink":"https:\/\/wp.me\/p6RhLt-94x","jetpack_sharing_enabled":true,"_links":{"self":[{"href":"https:\/\/eldiariodesanpedro.com.ar\/sitio\/wp-json\/wp\/v2\/posts\/34877","targetHints":{"allow":["GET"]}}],"collection":[{"href":"https:\/\/eldiariodesanpedro.com.ar\/sitio\/wp-json\/wp\/v2\/posts"}],"about":[{"href":"https:\/\/eldiariodesanpedro.com.ar\/sitio\/wp-json\/wp\/v2\/types\/post"}],"author":[{"embeddable":true,"href":"https:\/\/eldiariodesanpedro.com.ar\/sitio\/wp-json\/wp\/v2\/users\/4"}],"replies":[{"embeddable":true,"href":"https:\/\/eldiariodesanpedro.com.ar\/sitio\/wp-json\/wp\/v2\/comments?post=34877"}],"version-history":[{"count":1,"href":"https:\/\/eldiariodesanpedro.com.ar\/sitio\/wp-json\/wp\/v2\/posts\/34877\/revisions"}],"predecessor-version":[{"id":34881,"href":"https:\/\/eldiariodesanpedro.com.ar\/sitio\/wp-json\/wp\/v2\/posts\/34877\/revisions\/34881"}],"wp:featuredmedia":[{"embeddable":true,"href":"https:\/\/eldiariodesanpedro.com.ar\/sitio\/wp-json\/wp\/v2\/media\/34879"}],"wp:attachment":[{"href":"https:\/\/eldiariodesanpedro.com.ar\/sitio\/wp-json\/wp\/v2\/media?parent=34877"}],"wp:term":[{"taxonomy":"category","embeddable":true,"href":"https:\/\/eldiariodesanpedro.com.ar\/sitio\/wp-json\/wp\/v2\/categories?post=34877"},{"taxonomy":"post_tag","embeddable":true,"href":"https:\/\/eldiariodesanpedro.com.ar\/sitio\/wp-json\/wp\/v2\/tags?post=34877"}],"curies":[{"name":"wp","href":"https:\/\/api.w.org\/{rel}","templated":true}]}}