{"id":34871,"date":"2018-06-15T20:01:14","date_gmt":"2018-06-15T23:01:14","guid":{"rendered":"https:\/\/eldiariodesanpedro.com.ar\/sitio\/?p=34871"},"modified":"2018-06-15T20:01:14","modified_gmt":"2018-06-15T23:01:14","slug":"no-queremos-otra-125","status":"publish","type":"post","link":"https:\/\/eldiariodesanpedro.com.ar\/sitio\/no-queremos-otra-125\/","title":{"rendered":"\u00abNo queremos otra 125\u00bb"},"content":{"rendered":"<p><!-- VideographyWP Plugin Message: Automatic video embedding prevented by plugin options. --><br \/>\nLa Sociedad Rural de San Pedro hace p\u00fablica la gran preocupaci\u00f3n que sigue generando el an\u00e1lisis de una probable suspensi\u00f3n en la baja de las retenciones a la soja. <\/p>\n<p>El gobierno nacional que con decisi\u00f3n revirti\u00f3 algunas de las lamentables medidas que durante m\u00e1s de una d\u00e9cada aplic\u00f3 sobre el sector productivo la administraci\u00f3n anterior, comienza a caminar un sinuoso sendero en el que est\u00e1 escuchando sugerencias populistas que ya han ocasionado una grave crisis. <\/p>\n<p>No queremos otra \u00ab125\u00bb y confiamos en que para bajar el d\u00e9ficit no son necesarias medidas semejantes cuyas consecuencias volver\u00edan a ser lamentables para el presente y el futuro del pa\u00eds. <\/p>\n<p>Hace pocos d\u00edas recordamos lo que vivimos en el 2008 y claramente coincidimos en que se comenz\u00f3 a transitar otro camino. Que la falta de creatividad y el asesoramiento err\u00f3neo no los lleve a cometer un error que lamentaremos por muchos a\u00f1os.<\/p>\n","protected":false},"excerpt":{"rendered":"<p>La Sociedad Rural de San Pedro hace p\u00fablica la gran preocupaci\u00f3n que sigue generando el an\u00e1lisis de una probable suspensi\u00f3n en la baja de las retenciones a la soja. El gobierno nacional que con decisi\u00f3n revirti\u00f3 algunas de las lamentables medidas que durante m\u00e1s de una d\u00e9cada aplic\u00f3 sobre el sector productivo la administraci\u00f3n anterior, [&hellip;]<\/p>\n","protected":false},"author":4,"featured_media":34873,"comment_status":"open","ping_status":"closed","sticky":false,"template":"","format":"standard","meta":{"om_disable_all_campaigns":false,"_jetpack_memberships_contains_paid_content":false,"footnotes":""},"categories":[101,2],"tags":[],"class_list":["post-34871","post","type-post","status-publish","format-standard","has-post-thumbnail","hentry","category-interes-general-locales","category-locales"],"aioseo_notices":[],"gutentor_comment":1,"jetpack_featured_media_url":"https:\/\/eldiariodesanpedro.com.ar\/sitio\/wp-content\/uploads\/2018\/06\/conflicto-agrario-resolucion-125-03112018-01-208374.jpg","jetpack_shortlink":"https:\/\/wp.me\/p6RhLt-94r","jetpack_sharing_enabled":true,"_links":{"self":[{"href":"https:\/\/eldiariodesanpedro.com.ar\/sitio\/wp-json\/wp\/v2\/posts\/34871","targetHints":{"allow":["GET"]}}],"collection":[{"href":"https:\/\/eldiariodesanpedro.com.ar\/sitio\/wp-json\/wp\/v2\/posts"}],"about":[{"href":"https:\/\/eldiariodesanpedro.com.ar\/sitio\/wp-json\/wp\/v2\/types\/post"}],"author":[{"embeddable":true,"href":"https:\/\/eldiariodesanpedro.com.ar\/sitio\/wp-json\/wp\/v2\/users\/4"}],"replies":[{"embeddable":true,"href":"https:\/\/eldiariodesanpedro.com.ar\/sitio\/wp-json\/wp\/v2\/comments?post=34871"}],"version-history":[{"count":1,"href":"https:\/\/eldiariodesanpedro.com.ar\/sitio\/wp-json\/wp\/v2\/posts\/34871\/revisions"}],"predecessor-version":[{"id":34874,"href":"https:\/\/eldiariodesanpedro.com.ar\/sitio\/wp-json\/wp\/v2\/posts\/34871\/revisions\/34874"}],"wp:featuredmedia":[{"embeddable":true,"href":"https:\/\/eldiariodesanpedro.com.ar\/sitio\/wp-json\/wp\/v2\/media\/34873"}],"wp:attachment":[{"href":"https:\/\/eldiariodesanpedro.com.ar\/sitio\/wp-json\/wp\/v2\/media?parent=34871"}],"wp:term":[{"taxonomy":"category","embeddable":true,"href":"https:\/\/eldiariodesanpedro.com.ar\/sitio\/wp-json\/wp\/v2\/categories?post=34871"},{"taxonomy":"post_tag","embeddable":true,"href":"https:\/\/eldiariodesanpedro.com.ar\/sitio\/wp-json\/wp\/v2\/tags?post=34871"}],"curies":[{"name":"wp","href":"https:\/\/api.w.org\/{rel}","templated":true}]}}