{"id":34867,"date":"2018-06-15T16:37:01","date_gmt":"2018-06-15T19:37:01","guid":{"rendered":"https:\/\/eldiariodesanpedro.com.ar\/sitio\/?p=34867"},"modified":"2018-07-04T12:31:04","modified_gmt":"2018-07-04T15:31:04","slug":"alejandro-monjo-hizo-una-oferta-al-municipio-para-adquirir-el-predio-del-tiro-federal","status":"publish","type":"post","link":"https:\/\/eldiariodesanpedro.com.ar\/sitio\/alejandro-monjo-hizo-una-oferta-al-municipio-para-adquirir-el-predio-del-tiro-federal\/","title":{"rendered":"Alejandro Monjo hizo una oferta al municipio para adquirir el predio del Tiro Federal"},"content":{"rendered":"<p><!-- VideographyWP Plugin Message: Automatic video embedding prevented by plugin options. --><\/p>\n<p>\u00bfUn parque acu\u00e1tico en San Pedro?<br \/>\nAlejandro Monjo hizo una oferta al municipio para adquirir el predio del Tiro Federal<br \/>\nEl empresario adelant\u00f3 en el aire de FM G\u00e9nesis que tiene pensado desarrollar un importante proyecto en el citado predio. <\/p>\n<p>Desde que el municipio obtuvo la posesi\u00f3n del predio del Tiro Federal han surgido distintas propuestas para explotar el lugar. Si bien no son muchas sobre los \u00faltimos d\u00edas surgi\u00f3 una que es por dem\u00e1s de seductora y que sin dudas provocar\u00e1 un importante impacto en la regi\u00f3n.<\/p>\n<p>Alejandro Monjo habl\u00f3 en el aire de FM G\u00e9nesis y dio detalles de lo que propuso al municipio.<\/p>\n<p>\u201cDesde que nosotros abrimos el Marinas tuvimos un mont\u00f3n de situaciones pero son los riesgos que un empresario asume\u201d, dijo Alejandro Monjo en el aire de FM G\u00e9nesis.<\/p>\n<p>Con respecto a la crisis econ\u00f3mica que atraviesa el pa\u00eds y si su empresa se ha visto afectada Monjo se\u00f1al\u00f3: \u201cNosotros trabajamos bien, se sinti\u00f3 en mayo y junio, no es nuevo pero este mayo y junio fueron los peores desde que tenemos los hoteles, pero bueno, son las leyes de juego que nos tocan pero va a pasar\u201d.<\/p>\n<p>\u201cAl hotel le ten\u00e9s que vivir poniendo plata. Actualmente est\u00e1 toda la gente de mantenimiento trabajado, a la hoteler\u00eda si no le est\u00e1s encima dentro de seis meses est\u00e1s antiguo\u201d, afirm\u00f3.<\/p>\n<p>\u201cLa realidad es que cuando el hotel trabaja, trabaja muy bien\u201d.<\/p>\n<p>Sobre la posibilidad de desarrollar un ambicioso proyecto sobre el predio del Tiro Federal el empresario se\u00f1al\u00f3: \u201cHicimos una oferta por la compra del Tiro Federal. Fue una conversaci\u00f3n que tuve con gente del municipio y surgi\u00f3 la oportunidad de efectuar una oferta. Todav\u00eda no me contestaron\u201d.<br \/>\n\u201cTengo una idea de lo que se podr\u00eda hacer y ser\u00eda en todo el predio, incluido las canchas de rugby\u201d, adelant\u00f3.<\/p>\n<p>\u201cLa idea no es hacer un hotel sino hacer algo diferente, delo que estoy totalmente seguro que tiene que resultar una muy buena inversi\u00f3n, no tengo ninguna duda de que ser\u00eda un \u201cboom\u201d para San Pedro, algo espectacular a nivel comercial y tur\u00edstico\u201d, adelant\u00f3.<\/p>\n<p>Fuente: San Pedro Informa<\/p>\n","protected":false},"excerpt":{"rendered":"<p>\u00bfUn parque acu\u00e1tico en San Pedro? Alejandro Monjo hizo una oferta al municipio para adquirir el predio del Tiro Federal El empresario adelant\u00f3 en el aire de FM G\u00e9nesis que tiene pensado desarrollar un importante proyecto en el citado predio. Desde que el municipio obtuvo la posesi\u00f3n del predio del Tiro Federal han surgido distintas [&hellip;]<\/p>\n","protected":false},"author":4,"featured_media":34868,"comment_status":"open","ping_status":"closed","sticky":false,"template":"","format":"standard","meta":{"om_disable_all_campaigns":false,"_jetpack_memberships_contains_paid_content":false,"footnotes":""},"categories":[101,2],"tags":[],"class_list":["post-34867","post","type-post","status-publish","format-standard","has-post-thumbnail","hentry","category-interes-general-locales","category-locales"],"aioseo_notices":[],"gutentor_comment":0,"jetpack_featured_media_url":"https:\/\/eldiariodesanpedro.com.ar\/sitio\/wp-content\/uploads\/2018\/06\/TAPA-1.jpg","jetpack_shortlink":"https:\/\/wp.me\/p6RhLt-94n","jetpack_sharing_enabled":true,"_links":{"self":[{"href":"https:\/\/eldiariodesanpedro.com.ar\/sitio\/wp-json\/wp\/v2\/posts\/34867","targetHints":{"allow":["GET"]}}],"collection":[{"href":"https:\/\/eldiariodesanpedro.com.ar\/sitio\/wp-json\/wp\/v2\/posts"}],"about":[{"href":"https:\/\/eldiariodesanpedro.com.ar\/sitio\/wp-json\/wp\/v2\/types\/post"}],"author":[{"embeddable":true,"href":"https:\/\/eldiariodesanpedro.com.ar\/sitio\/wp-json\/wp\/v2\/users\/4"}],"replies":[{"embeddable":true,"href":"https:\/\/eldiariodesanpedro.com.ar\/sitio\/wp-json\/wp\/v2\/comments?post=34867"}],"version-history":[{"count":1,"href":"https:\/\/eldiariodesanpedro.com.ar\/sitio\/wp-json\/wp\/v2\/posts\/34867\/revisions"}],"predecessor-version":[{"id":34869,"href":"https:\/\/eldiariodesanpedro.com.ar\/sitio\/wp-json\/wp\/v2\/posts\/34867\/revisions\/34869"}],"wp:featuredmedia":[{"embeddable":true,"href":"https:\/\/eldiariodesanpedro.com.ar\/sitio\/wp-json\/wp\/v2\/media\/34868"}],"wp:attachment":[{"href":"https:\/\/eldiariodesanpedro.com.ar\/sitio\/wp-json\/wp\/v2\/media?parent=34867"}],"wp:term":[{"taxonomy":"category","embeddable":true,"href":"https:\/\/eldiariodesanpedro.com.ar\/sitio\/wp-json\/wp\/v2\/categories?post=34867"},{"taxonomy":"post_tag","embeddable":true,"href":"https:\/\/eldiariodesanpedro.com.ar\/sitio\/wp-json\/wp\/v2\/tags?post=34867"}],"curies":[{"name":"wp","href":"https:\/\/api.w.org\/{rel}","templated":true}]}}