{"id":34864,"date":"2018-06-15T15:36:41","date_gmt":"2018-06-15T18:36:41","guid":{"rendered":"https:\/\/eldiariodesanpedro.com.ar\/sitio\/?p=34864"},"modified":"2018-06-15T15:36:41","modified_gmt":"2018-06-15T18:36:41","slug":"ramallo-presentaron-el-campamento-sanitario","status":"publish","type":"post","link":"https:\/\/eldiariodesanpedro.com.ar\/sitio\/ramallo-presentaron-el-campamento-sanitario\/","title":{"rendered":"RAMALLO: Presentaron el Campamento Sanitario"},"content":{"rendered":"<p><!-- VideographyWP Plugin Message: Automatic video embedding prevented by plugin options. --><br \/>\nEn el marco de un convenio firmado entre la Municipalidad de Ramallo y la Facultad de Ciencias M\u00e9dicas de la Universidad Nacional de Rosario, se realizar\u00e1 un campamento sanitario entre el 18 y el 22 de junio. La actividad contar\u00e1 con la participaci\u00f3n de m\u00e1s de 200 estudiantes que rendir\u00e1n su \u00faltimo examen para obtener el t\u00edtulo acompa\u00f1ados por m\u00e9dicos profesores.<br \/>\nHoy por la ma\u00f1ana en conferencia de prensa se present\u00f3 El Campamento Sanitario de la Facultad de Ciencias M\u00e9dicas de la Universidad Nacional de Rosario en la cual participaron la Secretaria de Salud Noelia Cejas; y el equipo t\u00e9cnico de la Facultad: Dami\u00e1n Verze\u00f1assi; responsable del programa Escuela Saludable y Alejandro Vallini; coordinador y responsable de log\u00edstica del campamento sanitario.<\/p>\n<p>Los campamentos sanitarios son relevamientos epidemiol\u00f3gicos realizados en el transcurso de una semana como pr\u00e1ctica final de los estudiantes de medicina que est\u00e1n pr\u00f3ximos a obtener su t\u00edtulo profesional de la Facultad de Ciencias M\u00e9dicas de la U.N.R.<\/p>\n<p>El operativo que se realizar\u00e1 durante 5 d\u00edas incluye no s\u00f3lo el registro casa por casa a trav\u00e9s de la realizaci\u00f3n de encuestas y una evaluaci\u00f3n de la salud de la ciudad, sino que tambi\u00e9n se desarrollar\u00e1n tareas de promoci\u00f3n y charlas abiertas para la ciudadan\u00eda. Por \u00faltimo se convocar\u00e1 a la comunidad para devolver el informe preliminar de los datos de la encuesta y el control de salud de los ni\u00f1os.<\/p>\n<p>En esta oportunidad asistir\u00e1n m\u00e1s de 200 alumnos acompa\u00f1ados por m\u00e9dicos profesores para desempa\u00f1ar esta tarea.<\/p>\n<p>El Campamento Sanitario del Ciclo de Pr\u00e1ctica Final de la Carrera de Medicina de la UNR tiene como finalidad la elaboraci\u00f3n de perfiles de morbi-mortalidad y de organizaci\u00f3n de pol\u00edticas p\u00fablicos en Salud a partir del v\u00ednculo con la comunidad que establezcan los estudiantes y docentes de la Facultad.<\/p>\n<p>\u201cEste campamento nos va a dar muchas herramientas, a veces no contamos con infraestructura ni con la cantidad de personal que hagan este trabajo de calidad\u201d, coment\u00f3 Noelia Cejas, Secretaria de Salud de la Municipalidad de Ramallo y continu\u00f3: \u201cser\u00e1 una semana de trabajo intenso para todos\u201d.<\/p>\n<p>Fuente: Ramallo Informa<\/p>\n","protected":false},"excerpt":{"rendered":"<p>En el marco de un convenio firmado entre la Municipalidad de Ramallo y la Facultad de Ciencias M\u00e9dicas de la Universidad Nacional de Rosario, se realizar\u00e1 un campamento sanitario entre el 18 y el 22 de junio. La actividad contar\u00e1 con la participaci\u00f3n de m\u00e1s de 200 estudiantes que rendir\u00e1n su \u00faltimo examen para obtener [&hellip;]<\/p>\n","protected":false},"author":4,"featured_media":34865,"comment_status":"open","ping_status":"closed","sticky":false,"template":"","format":"standard","meta":{"om_disable_all_campaigns":false,"_jetpack_memberships_contains_paid_content":false,"footnotes":""},"categories":[621],"tags":[],"class_list":["post-34864","post","type-post","status-publish","format-standard","has-post-thumbnail","hentry","category-regionales"],"aioseo_notices":[],"gutentor_comment":0,"jetpack_featured_media_url":"https:\/\/eldiariodesanpedro.com.ar\/sitio\/wp-content\/uploads\/2018\/06\/whatsapp-image-2018-06-13-at-12.59.20-850x491.jpeg","jetpack_shortlink":"https:\/\/wp.me\/p6RhLt-94k","jetpack_sharing_enabled":true,"_links":{"self":[{"href":"https:\/\/eldiariodesanpedro.com.ar\/sitio\/wp-json\/wp\/v2\/posts\/34864","targetHints":{"allow":["GET"]}}],"collection":[{"href":"https:\/\/eldiariodesanpedro.com.ar\/sitio\/wp-json\/wp\/v2\/posts"}],"about":[{"href":"https:\/\/eldiariodesanpedro.com.ar\/sitio\/wp-json\/wp\/v2\/types\/post"}],"author":[{"embeddable":true,"href":"https:\/\/eldiariodesanpedro.com.ar\/sitio\/wp-json\/wp\/v2\/users\/4"}],"replies":[{"embeddable":true,"href":"https:\/\/eldiariodesanpedro.com.ar\/sitio\/wp-json\/wp\/v2\/comments?post=34864"}],"version-history":[{"count":1,"href":"https:\/\/eldiariodesanpedro.com.ar\/sitio\/wp-json\/wp\/v2\/posts\/34864\/revisions"}],"predecessor-version":[{"id":34866,"href":"https:\/\/eldiariodesanpedro.com.ar\/sitio\/wp-json\/wp\/v2\/posts\/34864\/revisions\/34866"}],"wp:featuredmedia":[{"embeddable":true,"href":"https:\/\/eldiariodesanpedro.com.ar\/sitio\/wp-json\/wp\/v2\/media\/34865"}],"wp:attachment":[{"href":"https:\/\/eldiariodesanpedro.com.ar\/sitio\/wp-json\/wp\/v2\/media?parent=34864"}],"wp:term":[{"taxonomy":"category","embeddable":true,"href":"https:\/\/eldiariodesanpedro.com.ar\/sitio\/wp-json\/wp\/v2\/categories?post=34864"},{"taxonomy":"post_tag","embeddable":true,"href":"https:\/\/eldiariodesanpedro.com.ar\/sitio\/wp-json\/wp\/v2\/tags?post=34864"}],"curies":[{"name":"wp","href":"https:\/\/api.w.org\/{rel}","templated":true}]}}