{"id":34858,"date":"2018-06-15T15:27:56","date_gmt":"2018-06-15T18:27:56","guid":{"rendered":"https:\/\/eldiariodesanpedro.com.ar\/sitio\/?p=34858"},"modified":"2018-06-15T15:27:56","modified_gmt":"2018-06-15T18:27:56","slug":"arrecifes-patricio-di-palma-le-dono-un-rinon-a-su-hija","status":"publish","type":"post","link":"https:\/\/eldiariodesanpedro.com.ar\/sitio\/arrecifes-patricio-di-palma-le-dono-un-rinon-a-su-hija\/","title":{"rendered":"ARRECIFES: Patricio Di Palma le don\u00f3 un ri\u00f1\u00f3n a su hija"},"content":{"rendered":"<p><!-- VideographyWP Plugin Message: Automatic video embedding prevented by plugin options. --><br \/>\nAyer en el Hospital Italiano de Buenos Aires, se realiz\u00f3 con \u00e9xito la operaci\u00f3n de trasplante de ri\u00f1\u00f3n de Patricio Di Palma a su hija Agustina, de 19 a\u00f1os de edad.<br \/>\nAl Pato, en calidad de donante, lo intervinieron mediante laparoscop\u00eda y uno de sus ri\u00f1ones fue trasplantado a Agustina, a quien ya le comenz\u00f3 a funcionar. Padre e hija salieron del quir\u00f3fano en perfecto estado de salud.<\/p>\n<p>La joven permanece en terapia intensiva para el control de la evoluci\u00f3n y funcionamiento del nuevo \u00f3rgano que recibi\u00f3.<\/p>\n<p>Gracias a Dios todo sali\u00f3 bien. La familia recibi\u00f3 con mucha emoci\u00f3n la noticia, tanto quienes est\u00e1n acompa\u00f1\u00e1ndolos en el nosocomio como el resto, todos siguiendo muy de cerca este largo proceso, tan dif\u00edcil como cargado de amor y sensibilidad.<\/p>\n<p>Fuente: Arrecifes Noticias<\/p>\n","protected":false},"excerpt":{"rendered":"<p>Ayer en el Hospital Italiano de Buenos Aires, se realiz\u00f3 con \u00e9xito la operaci\u00f3n de trasplante de ri\u00f1\u00f3n de Patricio Di Palma a su hija Agustina, de 19 a\u00f1os de edad. Al Pato, en calidad de donante, lo intervinieron mediante laparoscop\u00eda y uno de sus ri\u00f1ones fue trasplantado a Agustina, a quien ya le comenz\u00f3 [&hellip;]<\/p>\n","protected":false},"author":4,"featured_media":34859,"comment_status":"open","ping_status":"closed","sticky":false,"template":"","format":"standard","meta":{"om_disable_all_campaigns":false,"_jetpack_memberships_contains_paid_content":false,"footnotes":""},"categories":[621],"tags":[],"class_list":["post-34858","post","type-post","status-publish","format-standard","has-post-thumbnail","hentry","category-regionales"],"aioseo_notices":[],"gutentor_comment":0,"jetpack_featured_media_url":"https:\/\/eldiariodesanpedro.com.ar\/sitio\/wp-content\/uploads\/2018\/06\/patricio-y-agustina-di-palma.jpg","jetpack_shortlink":"https:\/\/wp.me\/p6RhLt-94e","jetpack_sharing_enabled":true,"_links":{"self":[{"href":"https:\/\/eldiariodesanpedro.com.ar\/sitio\/wp-json\/wp\/v2\/posts\/34858","targetHints":{"allow":["GET"]}}],"collection":[{"href":"https:\/\/eldiariodesanpedro.com.ar\/sitio\/wp-json\/wp\/v2\/posts"}],"about":[{"href":"https:\/\/eldiariodesanpedro.com.ar\/sitio\/wp-json\/wp\/v2\/types\/post"}],"author":[{"embeddable":true,"href":"https:\/\/eldiariodesanpedro.com.ar\/sitio\/wp-json\/wp\/v2\/users\/4"}],"replies":[{"embeddable":true,"href":"https:\/\/eldiariodesanpedro.com.ar\/sitio\/wp-json\/wp\/v2\/comments?post=34858"}],"version-history":[{"count":1,"href":"https:\/\/eldiariodesanpedro.com.ar\/sitio\/wp-json\/wp\/v2\/posts\/34858\/revisions"}],"predecessor-version":[{"id":34860,"href":"https:\/\/eldiariodesanpedro.com.ar\/sitio\/wp-json\/wp\/v2\/posts\/34858\/revisions\/34860"}],"wp:featuredmedia":[{"embeddable":true,"href":"https:\/\/eldiariodesanpedro.com.ar\/sitio\/wp-json\/wp\/v2\/media\/34859"}],"wp:attachment":[{"href":"https:\/\/eldiariodesanpedro.com.ar\/sitio\/wp-json\/wp\/v2\/media?parent=34858"}],"wp:term":[{"taxonomy":"category","embeddable":true,"href":"https:\/\/eldiariodesanpedro.com.ar\/sitio\/wp-json\/wp\/v2\/categories?post=34858"},{"taxonomy":"post_tag","embeddable":true,"href":"https:\/\/eldiariodesanpedro.com.ar\/sitio\/wp-json\/wp\/v2\/tags?post=34858"}],"curies":[{"name":"wp","href":"https:\/\/api.w.org\/{rel}","templated":true}]}}