{"id":34855,"date":"2018-06-15T15:25:15","date_gmt":"2018-06-15T18:25:15","guid":{"rendered":"https:\/\/eldiariodesanpedro.com.ar\/sitio\/?p=34855"},"modified":"2018-06-15T15:25:15","modified_gmt":"2018-06-15T18:25:15","slug":"campana-la-ddi-zarate-campana-detuvo-al-presunto-autor-del-crimen-del-hijo-del-concejal-ramon-fernandez","status":"publish","type":"post","link":"https:\/\/eldiariodesanpedro.com.ar\/sitio\/campana-la-ddi-zarate-campana-detuvo-al-presunto-autor-del-crimen-del-hijo-del-concejal-ramon-fernandez\/","title":{"rendered":"CAMPANA: La DDI Z\u00e1rate \u2013 Campana detuvo al presunto autor del crimen del hijo del Concejal Ram\u00f3n Fern\u00e1ndez"},"content":{"rendered":"<p><!-- VideographyWP Plugin Message: Automatic video embedding prevented by plugin options. --><br \/>\nEn la noche del pasado 11 de junio, Ram\u00f3n Antonio Fern\u00e1ndez de 35 a\u00f1os, hijo del concejal Ram\u00f3n Fern\u00e1ndez del bloque Nuevo Z\u00e1rate, fue asesinado de ocho disparos en plena v\u00eda p\u00fablica, 3 de Febrero y Matheu de Z\u00e1rate, mientras, seg\u00fan los testimonios, iba al encuentro de su pareja a pocas cuadras del lugar del crimen. En la escena se hallaron al menos once c\u00e1psulas servidas.<br \/>\nLa causa caratulada como \u201chomicidio agravado por el uso de arma de fuego\u201d, qued\u00f3 a cargo de la Dra. Andrea Palacios y la investigaci\u00f3n fue llevada adelante por los detectives de la Direcci\u00f3n Departamental de Investigaciones (DDI) Z\u00e1rate \u2013 Campana.<\/p>\n<p>Los vecinos hab\u00edan testimoneado que escucharon a un autom\u00f3vil escapar despu\u00e9s de los disparos, desde ese eje comenz\u00f3 la pesquisa que fue sumando elementos a trav\u00e9s del an\u00e1lisis de c\u00e1maras de seguridad y otros elementos recabados, para que despu\u00e9s de los allanamientos realizados en la tarde\/noche de este jueves comenzara a esclarecerse el crimen.<\/p>\n<p>Los operativos fueron realizados en barrio Bosch, Las Violetas y en la zona de la estaciones de servicio de Ruta 12 y v\u00eda 193, teniendo como resultado la aprehensi\u00f3n de un sujeto que de acuerdo a los trabajos de inteligencia efectuados, se tratar\u00eda del autor material de la muerte de Fern\u00e1ndez.<\/p>\n<p>Adem\u00e1s, fue secuestrado un autom\u00f3vil Volkswagen Bora que habr\u00eda sido el utilizado la noche del hecho y otros elementos que lo implicar\u00edan en la causa de acuerdo a lo que revelaron fuentes cercanas a la investigaci\u00f3n a este Portal.<\/p>\n<p>Enlace Cr\u00edtico.<\/p>\n","protected":false},"excerpt":{"rendered":"<p>En la noche del pasado 11 de junio, Ram\u00f3n Antonio Fern\u00e1ndez de 35 a\u00f1os, hijo del concejal Ram\u00f3n Fern\u00e1ndez del bloque Nuevo Z\u00e1rate, fue asesinado de ocho disparos en plena v\u00eda p\u00fablica, 3 de Febrero y Matheu de Z\u00e1rate, mientras, seg\u00fan los testimonios, iba al encuentro de su pareja a pocas cuadras del lugar del [&hellip;]<\/p>\n","protected":false},"author":4,"featured_media":34856,"comment_status":"open","ping_status":"closed","sticky":false,"template":"","format":"standard","meta":{"om_disable_all_campaigns":false,"_jetpack_memberships_contains_paid_content":false,"footnotes":""},"categories":[621],"tags":[],"class_list":["post-34855","post","type-post","status-publish","format-standard","has-post-thumbnail","hentry","category-regionales"],"aioseo_notices":[],"gutentor_comment":0,"jetpack_featured_media_url":"https:\/\/eldiariodesanpedro.com.ar\/sitio\/wp-content\/uploads\/2018\/06\/265bd414-e9ea-4e19-af80-3efd502047c9_658x400.jpg","jetpack_shortlink":"https:\/\/wp.me\/p6RhLt-94b","jetpack_sharing_enabled":true,"_links":{"self":[{"href":"https:\/\/eldiariodesanpedro.com.ar\/sitio\/wp-json\/wp\/v2\/posts\/34855","targetHints":{"allow":["GET"]}}],"collection":[{"href":"https:\/\/eldiariodesanpedro.com.ar\/sitio\/wp-json\/wp\/v2\/posts"}],"about":[{"href":"https:\/\/eldiariodesanpedro.com.ar\/sitio\/wp-json\/wp\/v2\/types\/post"}],"author":[{"embeddable":true,"href":"https:\/\/eldiariodesanpedro.com.ar\/sitio\/wp-json\/wp\/v2\/users\/4"}],"replies":[{"embeddable":true,"href":"https:\/\/eldiariodesanpedro.com.ar\/sitio\/wp-json\/wp\/v2\/comments?post=34855"}],"version-history":[{"count":1,"href":"https:\/\/eldiariodesanpedro.com.ar\/sitio\/wp-json\/wp\/v2\/posts\/34855\/revisions"}],"predecessor-version":[{"id":34857,"href":"https:\/\/eldiariodesanpedro.com.ar\/sitio\/wp-json\/wp\/v2\/posts\/34855\/revisions\/34857"}],"wp:featuredmedia":[{"embeddable":true,"href":"https:\/\/eldiariodesanpedro.com.ar\/sitio\/wp-json\/wp\/v2\/media\/34856"}],"wp:attachment":[{"href":"https:\/\/eldiariodesanpedro.com.ar\/sitio\/wp-json\/wp\/v2\/media?parent=34855"}],"wp:term":[{"taxonomy":"category","embeddable":true,"href":"https:\/\/eldiariodesanpedro.com.ar\/sitio\/wp-json\/wp\/v2\/categories?post=34855"},{"taxonomy":"post_tag","embeddable":true,"href":"https:\/\/eldiariodesanpedro.com.ar\/sitio\/wp-json\/wp\/v2\/tags?post=34855"}],"curies":[{"name":"wp","href":"https:\/\/api.w.org\/{rel}","templated":true}]}}