{"id":34853,"date":"2018-06-15T15:08:27","date_gmt":"2018-06-15T18:08:27","guid":{"rendered":"https:\/\/eldiariodesanpedro.com.ar\/sitio\/?p=34853"},"modified":"2018-06-15T15:08:27","modified_gmt":"2018-06-15T18:08:27","slug":"busqueda-laboral-personal-para-pre-venta","status":"publish","type":"post","link":"https:\/\/eldiariodesanpedro.com.ar\/sitio\/busqueda-laboral-personal-para-pre-venta\/","title":{"rendered":"Busqueda Laboral: Personal para pre venta"},"content":{"rendered":"<p><!-- VideographyWP Plugin Message: Automatic video embedding prevented by plugin options. --><br \/>\nLa Oficina de Empleo informa la siguiente b\u00fasqueda laboral: DISTRIBUIDORA SOLICITA PERSONAL PARA PRE-VENTA <\/p>\n<p>Requisitos:<\/p>\n<p>Edad de 18 a 35 a\u00f1os<br \/>\nSexo indistinto<br \/>\nPoseer movilidad propia<br \/>\nSer responsable, din\u00e1mico y activo<\/p>\n<p>Si cumpl\u00eds con los requisitos podes acercar tu CV a la Oficina de Empleo , Ayacucho 299 de Lunes a Viernes de 8 a 14 hs o bien enviarlo por correo electr\u00f3nico a empleo@sanpedro.gob.ar<\/p>\n","protected":false},"excerpt":{"rendered":"<p>La Oficina de Empleo informa la siguiente b\u00fasqueda laboral: DISTRIBUIDORA SOLICITA PERSONAL PARA PRE-VENTA Requisitos: Edad de 18 a 35 a\u00f1os Sexo indistinto Poseer movilidad propia Ser responsable, din\u00e1mico y activo Si cumpl\u00eds con los requisitos podes acercar tu CV a la Oficina de Empleo , Ayacucho 299 de Lunes a Viernes de 8 a [&hellip;]<\/p>\n","protected":false},"author":4,"featured_media":34725,"comment_status":"open","ping_status":"closed","sticky":false,"template":"","format":"standard","meta":{"om_disable_all_campaigns":false,"_jetpack_memberships_contains_paid_content":false,"footnotes":""},"categories":[101,2],"tags":[],"class_list":["post-34853","post","type-post","status-publish","format-standard","has-post-thumbnail","hentry","category-interes-general-locales","category-locales"],"aioseo_notices":[],"gutentor_comment":0,"jetpack_featured_media_url":"https:\/\/eldiariodesanpedro.com.ar\/sitio\/wp-content\/uploads\/2018\/06\/oficina-empleo05-03-2018.png","jetpack_shortlink":"https:\/\/wp.me\/p6RhLt-949","jetpack_sharing_enabled":true,"_links":{"self":[{"href":"https:\/\/eldiariodesanpedro.com.ar\/sitio\/wp-json\/wp\/v2\/posts\/34853","targetHints":{"allow":["GET"]}}],"collection":[{"href":"https:\/\/eldiariodesanpedro.com.ar\/sitio\/wp-json\/wp\/v2\/posts"}],"about":[{"href":"https:\/\/eldiariodesanpedro.com.ar\/sitio\/wp-json\/wp\/v2\/types\/post"}],"author":[{"embeddable":true,"href":"https:\/\/eldiariodesanpedro.com.ar\/sitio\/wp-json\/wp\/v2\/users\/4"}],"replies":[{"embeddable":true,"href":"https:\/\/eldiariodesanpedro.com.ar\/sitio\/wp-json\/wp\/v2\/comments?post=34853"}],"version-history":[{"count":1,"href":"https:\/\/eldiariodesanpedro.com.ar\/sitio\/wp-json\/wp\/v2\/posts\/34853\/revisions"}],"predecessor-version":[{"id":34854,"href":"https:\/\/eldiariodesanpedro.com.ar\/sitio\/wp-json\/wp\/v2\/posts\/34853\/revisions\/34854"}],"wp:featuredmedia":[{"embeddable":true,"href":"https:\/\/eldiariodesanpedro.com.ar\/sitio\/wp-json\/wp\/v2\/media\/34725"}],"wp:attachment":[{"href":"https:\/\/eldiariodesanpedro.com.ar\/sitio\/wp-json\/wp\/v2\/media?parent=34853"}],"wp:term":[{"taxonomy":"category","embeddable":true,"href":"https:\/\/eldiariodesanpedro.com.ar\/sitio\/wp-json\/wp\/v2\/categories?post=34853"},{"taxonomy":"post_tag","embeddable":true,"href":"https:\/\/eldiariodesanpedro.com.ar\/sitio\/wp-json\/wp\/v2\/tags?post=34853"}],"curies":[{"name":"wp","href":"https:\/\/api.w.org\/{rel}","templated":true}]}}