{"id":34850,"date":"2018-06-15T11:38:26","date_gmt":"2018-06-15T14:38:26","guid":{"rendered":"https:\/\/eldiariodesanpedro.com.ar\/sitio\/?p=34850"},"modified":"2018-06-15T11:38:26","modified_gmt":"2018-06-15T14:38:26","slug":"san-nicolas-encontraron-a-una-beba-muerta-en-un-descampado-en-cercanias-a-la-ruta-9","status":"publish","type":"post","link":"https:\/\/eldiariodesanpedro.com.ar\/sitio\/san-nicolas-encontraron-a-una-beba-muerta-en-un-descampado-en-cercanias-a-la-ruta-9\/","title":{"rendered":"SAN NICOL\u00c1S: Encontraron a una beba muerta en un descampado en cercan\u00edas a la Ruta 9"},"content":{"rendered":"<p><!-- VideographyWP Plugin Message: Automatic video embedding prevented by plugin options. --><br \/>\nEste jueves a la ma\u00f1ana, unos ni\u00f1os que se hallaban jugando detr\u00e1s de la EG3 abandonada a la vera de la ruta 188 y autopista, descubrieron el cad\u00e1ver de una beb\u00e9 envuelto en una t\u00fanica celeste. Ayer se realiz\u00f3 la autopsia del cuerpo. Se investiga para identificar a la madre de la criatura.<br \/>\nEste jueves a la ma\u00f1ana, en el camino rural paralelo a la ruta 9, intersecci\u00f3n con Bogado de barrio Autopista, unos ni\u00f1os que se hallaban jugando encontraron en un pastizal un cuerpo sin vida y dieron aviso inmediato a la polic\u00eda. Ya en el lugar los agentes de la Comisar\u00eda Segunda descubrieron el cad\u00e1ver de un reci\u00e9n nacido envuelto en una toalla color celeste con heridas en zona de la ingle y la cabeza. Polic\u00eda cient\u00edfica estuvo en el lugar de los hechos realizando las tareas espec\u00edficas. El cuerpo es de una ni\u00f1a y habr\u00eda sufrido el ataque de alima\u00f1as de la zona.<\/p>\n<p>Investigaci\u00f3n<br \/>\nPor lo que pudo saber nuestro medio los chicos estaban jugando a la vera de la autopista, detr\u00e1s de lo que era la vieja estaci\u00f3n de servicio EG3, que ahora se halla abandonada, y encontraron el bulto celeste. Al fijarse lo que hab\u00eda en su interior se encontraron con el macabro espect\u00e1culo y huyeron del lugar dando aviso a sus padres que de inmediato se comunicaron con la polic\u00eda.<br \/>\nEl hecho gener\u00f3 una gran conmoci\u00f3n y tristeza sumado a que el d\u00eda anterior se hab\u00eda producido el fallecimiento de una ni\u00f1a de cuatro a\u00f1os por un grave cuadro de deshidrataci\u00f3n. Por lo que pudieron observar en un primer momento los peritos, el cuerpo de la bebe, aparentemente reci\u00e9n nacido, ten\u00eda el ombligo curado.<br \/>\nEn el lugar se hizo presente el fiscal que entiende en la causa el Dr. Patricio M\u00fagica D\u00edaz qui\u00e9n orden\u00f3 se haga la autopsia para poder ir dilucidando lo ocurrido.<br \/>\nEs importante determinar el tiempo de gestaci\u00f3n que ten\u00eda la criatura y cu\u00e1nto pas\u00f3 de su fallecimiento para comenzar a investigar los partos que se realizaron en esos d\u00edas y poder identificar a la madre de la criatura y las razones por las cuales lo dej\u00f3 abandonado en un descampado.<br \/>\nFuente: Diario El Norte.<\/p>\n","protected":false},"excerpt":{"rendered":"<p>Este jueves a la ma\u00f1ana, unos ni\u00f1os que se hallaban jugando detr\u00e1s de la EG3 abandonada a la vera de la ruta 188 y autopista, descubrieron el cad\u00e1ver de una beb\u00e9 envuelto en una t\u00fanica celeste. Ayer se realiz\u00f3 la autopsia del cuerpo. Se investiga para identificar a la madre de la criatura. Este jueves [&hellip;]<\/p>\n","protected":false},"author":4,"featured_media":34851,"comment_status":"open","ping_status":"closed","sticky":false,"template":"","format":"standard","meta":{"om_disable_all_campaigns":false,"_jetpack_memberships_contains_paid_content":false,"footnotes":""},"categories":[621],"tags":[],"class_list":["post-34850","post","type-post","status-publish","format-standard","has-post-thumbnail","hentry","category-regionales"],"aioseo_notices":[],"gutentor_comment":0,"jetpack_featured_media_url":"https:\/\/eldiariodesanpedro.com.ar\/sitio\/wp-content\/uploads\/2018\/06\/elnorte5b22fd8ab2bcd_7-bebe-muerto-3x10.jpg","jetpack_shortlink":"https:\/\/wp.me\/p6RhLt-946","jetpack_sharing_enabled":true,"_links":{"self":[{"href":"https:\/\/eldiariodesanpedro.com.ar\/sitio\/wp-json\/wp\/v2\/posts\/34850","targetHints":{"allow":["GET"]}}],"collection":[{"href":"https:\/\/eldiariodesanpedro.com.ar\/sitio\/wp-json\/wp\/v2\/posts"}],"about":[{"href":"https:\/\/eldiariodesanpedro.com.ar\/sitio\/wp-json\/wp\/v2\/types\/post"}],"author":[{"embeddable":true,"href":"https:\/\/eldiariodesanpedro.com.ar\/sitio\/wp-json\/wp\/v2\/users\/4"}],"replies":[{"embeddable":true,"href":"https:\/\/eldiariodesanpedro.com.ar\/sitio\/wp-json\/wp\/v2\/comments?post=34850"}],"version-history":[{"count":1,"href":"https:\/\/eldiariodesanpedro.com.ar\/sitio\/wp-json\/wp\/v2\/posts\/34850\/revisions"}],"predecessor-version":[{"id":34852,"href":"https:\/\/eldiariodesanpedro.com.ar\/sitio\/wp-json\/wp\/v2\/posts\/34850\/revisions\/34852"}],"wp:featuredmedia":[{"embeddable":true,"href":"https:\/\/eldiariodesanpedro.com.ar\/sitio\/wp-json\/wp\/v2\/media\/34851"}],"wp:attachment":[{"href":"https:\/\/eldiariodesanpedro.com.ar\/sitio\/wp-json\/wp\/v2\/media?parent=34850"}],"wp:term":[{"taxonomy":"category","embeddable":true,"href":"https:\/\/eldiariodesanpedro.com.ar\/sitio\/wp-json\/wp\/v2\/categories?post=34850"},{"taxonomy":"post_tag","embeddable":true,"href":"https:\/\/eldiariodesanpedro.com.ar\/sitio\/wp-json\/wp\/v2\/tags?post=34850"}],"curies":[{"name":"wp","href":"https:\/\/api.w.org\/{rel}","templated":true}]}}