{"id":34848,"date":"2018-06-15T10:10:19","date_gmt":"2018-06-15T13:10:19","guid":{"rendered":"https:\/\/eldiariodesanpedro.com.ar\/sitio\/?p=34848"},"modified":"2018-06-15T10:10:19","modified_gmt":"2018-06-15T13:10:19","slug":"aprehendido-por-circular-en-una-moto-robada","status":"publish","type":"post","link":"https:\/\/eldiariodesanpedro.com.ar\/sitio\/aprehendido-por-circular-en-una-moto-robada\/","title":{"rendered":"Aprehendido por circular en una moto robada"},"content":{"rendered":"<p><!-- VideographyWP Plugin Message: Automatic video embedding prevented by plugin options. --><br \/>\nPersonal policial de comisaria procedi\u00f3 a la aprehensi\u00f3n de un joven de 18 a\u00f1os en intersecci\u00f3n de calle 11 de Septiembre y San Lorenzo que circulaba en una motocicleta Guerrero Trip cc que tras ser identificada se constat\u00f3 que tiene pedido de secuestro por el delito de hurto solicitado por UFI N\u00aa8 de Baradero.<\/p>\n<p>Tambi\u00e9n en calle Casella y Ansaloni se produce el secuestro de una motocicleta Honda Wave 110 cm3 la cual se hallaba abandonada en la v\u00eda publica y tras cursar datos en el sistema de c\u00f3mputos de secuestro y\/o capturas se determin\u00f3 que posee pedido activo por el delito de hurto con fecha del 06\/06\/18 solicitado por UFI N\u00aa 9 de Baradero.<\/p>\n","protected":false},"excerpt":{"rendered":"<p>Personal policial de comisaria procedi\u00f3 a la aprehensi\u00f3n de un joven de 18 a\u00f1os en intersecci\u00f3n de calle 11 de Septiembre y San Lorenzo que circulaba en una motocicleta Guerrero Trip cc que tras ser identificada se constat\u00f3 que tiene pedido de secuestro por el delito de hurto solicitado por UFI N\u00aa8 de Baradero. Tambi\u00e9n [&hellip;]<\/p>\n","protected":false},"author":4,"featured_media":11797,"comment_status":"open","ping_status":"closed","sticky":false,"template":"","format":"standard","meta":{"om_disable_all_campaigns":false,"_jetpack_memberships_contains_paid_content":false,"footnotes":""},"categories":[2,103],"tags":[],"class_list":["post-34848","post","type-post","status-publish","format-standard","has-post-thumbnail","hentry","category-locales","category-policiales-locales"],"aioseo_notices":[],"gutentor_comment":0,"jetpack_featured_media_url":"https:\/\/eldiariodesanpedro.com.ar\/sitio\/wp-content\/uploads\/2016\/12\/moto-secuestrada.jpg","jetpack_shortlink":"https:\/\/wp.me\/p6RhLt-944","jetpack_sharing_enabled":true,"_links":{"self":[{"href":"https:\/\/eldiariodesanpedro.com.ar\/sitio\/wp-json\/wp\/v2\/posts\/34848","targetHints":{"allow":["GET"]}}],"collection":[{"href":"https:\/\/eldiariodesanpedro.com.ar\/sitio\/wp-json\/wp\/v2\/posts"}],"about":[{"href":"https:\/\/eldiariodesanpedro.com.ar\/sitio\/wp-json\/wp\/v2\/types\/post"}],"author":[{"embeddable":true,"href":"https:\/\/eldiariodesanpedro.com.ar\/sitio\/wp-json\/wp\/v2\/users\/4"}],"replies":[{"embeddable":true,"href":"https:\/\/eldiariodesanpedro.com.ar\/sitio\/wp-json\/wp\/v2\/comments?post=34848"}],"version-history":[{"count":1,"href":"https:\/\/eldiariodesanpedro.com.ar\/sitio\/wp-json\/wp\/v2\/posts\/34848\/revisions"}],"predecessor-version":[{"id":34849,"href":"https:\/\/eldiariodesanpedro.com.ar\/sitio\/wp-json\/wp\/v2\/posts\/34848\/revisions\/34849"}],"wp:featuredmedia":[{"embeddable":true,"href":"https:\/\/eldiariodesanpedro.com.ar\/sitio\/wp-json\/wp\/v2\/media\/11797"}],"wp:attachment":[{"href":"https:\/\/eldiariodesanpedro.com.ar\/sitio\/wp-json\/wp\/v2\/media?parent=34848"}],"wp:term":[{"taxonomy":"category","embeddable":true,"href":"https:\/\/eldiariodesanpedro.com.ar\/sitio\/wp-json\/wp\/v2\/categories?post=34848"},{"taxonomy":"post_tag","embeddable":true,"href":"https:\/\/eldiariodesanpedro.com.ar\/sitio\/wp-json\/wp\/v2\/tags?post=34848"}],"curies":[{"name":"wp","href":"https:\/\/api.w.org\/{rel}","templated":true}]}}