{"id":34843,"date":"2018-06-15T09:59:05","date_gmt":"2018-06-15T12:59:05","guid":{"rendered":"https:\/\/eldiariodesanpedro.com.ar\/sitio\/?p=34843"},"modified":"2018-06-15T09:59:05","modified_gmt":"2018-06-15T12:59:05","slug":"son-continuos-los-robos-a-un-vivero-familiar","status":"publish","type":"post","link":"https:\/\/eldiariodesanpedro.com.ar\/sitio\/son-continuos-los-robos-a-un-vivero-familiar\/","title":{"rendered":"Son continuos los robos a un vivero familiar"},"content":{"rendered":"<p><!-- VideographyWP Plugin Message: Automatic video embedding prevented by plugin options. --><br \/>\nLos propietarios del \u00abVivero Liliana\u00bb radicaron la denuncia constatando que esta vez faltaban alrededor de 40 plantines y dos carretillas.<\/p>\n<p>El denunciante comenta que son constantes los robos que se producen por la madrugada en un vivero ubicado en calle Lucio Mansilla y Las Provincias.<\/p>\n<p>Dialogamos con un integrante de la familia quien nos cont\u00f3  tambi\u00e9n que siempre tienen que tener cuidado cuando la familia llega a la casa m\u00e1s precisamente de noche porque los delincuentes entran y salen, que a la madrugada los perros alertan siempre la presencia de malvivientes y la polic\u00eda constantemente visita el lugar por los llamados.<\/p>\n<p>Los propietarios denunciaron que siempre se llevan plantas, una vez hace un tiempo hasta un tractor se robaron por lo que hoy ya tienen miedo por la familia que vive en ese lugar donde tambi\u00e9n hay menores.<\/p>\n<p>Los delincuentes esta vez se llevaron 40 platines, entre ellos jazmines, c\u00edtricos y dos carretillas.<\/p>\n","protected":false},"excerpt":{"rendered":"<p>Los propietarios del \u00abVivero Liliana\u00bb radicaron la denuncia constatando que esta vez faltaban alrededor de 40 plantines y dos carretillas. El denunciante comenta que son constantes los robos que se producen por la madrugada en un vivero ubicado en calle Lucio Mansilla y Las Provincias. Dialogamos con un integrante de la familia quien nos cont\u00f3 [&hellip;]<\/p>\n","protected":false},"author":4,"featured_media":34844,"comment_status":"open","ping_status":"closed","sticky":false,"template":"","format":"standard","meta":{"om_disable_all_campaigns":false,"_jetpack_memberships_contains_paid_content":false,"footnotes":""},"categories":[2,103],"tags":[],"class_list":["post-34843","post","type-post","status-publish","format-standard","has-post-thumbnail","hentry","category-locales","category-policiales-locales"],"aioseo_notices":[],"gutentor_comment":0,"jetpack_featured_media_url":"https:\/\/eldiariodesanpedro.com.ar\/sitio\/wp-content\/uploads\/2018\/06\/2018-06-15.png","jetpack_shortlink":"https:\/\/wp.me\/p6RhLt-93Z","jetpack_sharing_enabled":true,"_links":{"self":[{"href":"https:\/\/eldiariodesanpedro.com.ar\/sitio\/wp-json\/wp\/v2\/posts\/34843","targetHints":{"allow":["GET"]}}],"collection":[{"href":"https:\/\/eldiariodesanpedro.com.ar\/sitio\/wp-json\/wp\/v2\/posts"}],"about":[{"href":"https:\/\/eldiariodesanpedro.com.ar\/sitio\/wp-json\/wp\/v2\/types\/post"}],"author":[{"embeddable":true,"href":"https:\/\/eldiariodesanpedro.com.ar\/sitio\/wp-json\/wp\/v2\/users\/4"}],"replies":[{"embeddable":true,"href":"https:\/\/eldiariodesanpedro.com.ar\/sitio\/wp-json\/wp\/v2\/comments?post=34843"}],"version-history":[{"count":1,"href":"https:\/\/eldiariodesanpedro.com.ar\/sitio\/wp-json\/wp\/v2\/posts\/34843\/revisions"}],"predecessor-version":[{"id":34845,"href":"https:\/\/eldiariodesanpedro.com.ar\/sitio\/wp-json\/wp\/v2\/posts\/34843\/revisions\/34845"}],"wp:featuredmedia":[{"embeddable":true,"href":"https:\/\/eldiariodesanpedro.com.ar\/sitio\/wp-json\/wp\/v2\/media\/34844"}],"wp:attachment":[{"href":"https:\/\/eldiariodesanpedro.com.ar\/sitio\/wp-json\/wp\/v2\/media?parent=34843"}],"wp:term":[{"taxonomy":"category","embeddable":true,"href":"https:\/\/eldiariodesanpedro.com.ar\/sitio\/wp-json\/wp\/v2\/categories?post=34843"},{"taxonomy":"post_tag","embeddable":true,"href":"https:\/\/eldiariodesanpedro.com.ar\/sitio\/wp-json\/wp\/v2\/tags?post=34843"}],"curies":[{"name":"wp","href":"https:\/\/api.w.org\/{rel}","templated":true}]}}