{"id":34840,"date":"2018-06-15T09:44:50","date_gmt":"2018-06-15T12:44:50","guid":{"rendered":"https:\/\/eldiariodesanpedro.com.ar\/sitio\/?p=34840"},"modified":"2018-06-15T09:44:50","modified_gmt":"2018-06-15T12:44:50","slug":"es-el-quinto-robo-en-el-ano-que-sufre-el-tiro-federal","status":"publish","type":"post","link":"https:\/\/eldiariodesanpedro.com.ar\/sitio\/es-el-quinto-robo-en-el-ano-que-sufre-el-tiro-federal\/","title":{"rendered":"Es el quinto robo en el a\u00f1o que sufre el tiro federal"},"content":{"rendered":"<p><!-- VideographyWP Plugin Message: Automatic video embedding prevented by plugin options. --><br \/>\nDelincuentes violentaron el port\u00f3n de ingreso al Tiro Federal y se llevaron todo lo que hab\u00eda en la cantina y produciendo destrozos en los alrededores. Se dieron a la fuga en una motocicleta 110 cc.<\/p>\n<p>Esta ma\u00f1ana alrededor de las 6:00 hs a ra\u00edz de un llamado telef\u00f3nico a la dependencia local por parte de un hombre que no se identifico alerto que hab\u00eda observado a dos ciudadanos saliendo en una motocicleta de la cancha de rugby Los Bigua con una conservadora .<\/p>\n<p>Personal policial procedi\u00f3 hasta el lugar constatando que delincuentes violentaron uno de los portones de ingreso al establecimiento del Tiro Federal y que hab\u00edan provocado da\u00f1os en la puerta de la proveedur\u00eda rob\u00e1ndose todos los elementos de su interior y destrozando todo lo que hab\u00eda a su paso.<\/p>\n<p>Se constat\u00f3 faltantes de  todas las latas de cerveza y gaseosas que estaban en las heladeras, galletitas, dos garrafas y una conservadora.<\/p>\n<p>Desde el establecimiento afirman que es imposible que se hayan llevado todo en una moto  como alertaron en la comisaria a trav\u00e9s de un llamado telef\u00f3nico y mostraron su m\u00e1xima preocupaci\u00f3n al ser el segundo robo en el mes y el quinto en lo que va del corriente a\u00f1o.<\/p>\n","protected":false},"excerpt":{"rendered":"<p>Delincuentes violentaron el port\u00f3n de ingreso al Tiro Federal y se llevaron todo lo que hab\u00eda en la cantina y produciendo destrozos en los alrededores. Se dieron a la fuga en una motocicleta 110 cc. Esta ma\u00f1ana alrededor de las 6:00 hs a ra\u00edz de un llamado telef\u00f3nico a la dependencia local por parte de [&hellip;]<\/p>\n","protected":false},"author":4,"featured_media":34841,"comment_status":"open","ping_status":"closed","sticky":false,"template":"","format":"standard","meta":{"om_disable_all_campaigns":false,"_jetpack_memberships_contains_paid_content":false,"footnotes":""},"categories":[2,103],"tags":[],"class_list":["post-34840","post","type-post","status-publish","format-standard","has-post-thumbnail","hentry","category-locales","category-policiales-locales"],"aioseo_notices":[],"gutentor_comment":0,"jetpack_featured_media_url":"https:\/\/eldiariodesanpedro.com.ar\/sitio\/wp-content\/uploads\/2018\/06\/35301207_2146857468888346_4365303561634971648_n.jpg","jetpack_shortlink":"https:\/\/wp.me\/p6RhLt-93W","jetpack_sharing_enabled":true,"_links":{"self":[{"href":"https:\/\/eldiariodesanpedro.com.ar\/sitio\/wp-json\/wp\/v2\/posts\/34840","targetHints":{"allow":["GET"]}}],"collection":[{"href":"https:\/\/eldiariodesanpedro.com.ar\/sitio\/wp-json\/wp\/v2\/posts"}],"about":[{"href":"https:\/\/eldiariodesanpedro.com.ar\/sitio\/wp-json\/wp\/v2\/types\/post"}],"author":[{"embeddable":true,"href":"https:\/\/eldiariodesanpedro.com.ar\/sitio\/wp-json\/wp\/v2\/users\/4"}],"replies":[{"embeddable":true,"href":"https:\/\/eldiariodesanpedro.com.ar\/sitio\/wp-json\/wp\/v2\/comments?post=34840"}],"version-history":[{"count":1,"href":"https:\/\/eldiariodesanpedro.com.ar\/sitio\/wp-json\/wp\/v2\/posts\/34840\/revisions"}],"predecessor-version":[{"id":34842,"href":"https:\/\/eldiariodesanpedro.com.ar\/sitio\/wp-json\/wp\/v2\/posts\/34840\/revisions\/34842"}],"wp:featuredmedia":[{"embeddable":true,"href":"https:\/\/eldiariodesanpedro.com.ar\/sitio\/wp-json\/wp\/v2\/media\/34841"}],"wp:attachment":[{"href":"https:\/\/eldiariodesanpedro.com.ar\/sitio\/wp-json\/wp\/v2\/media?parent=34840"}],"wp:term":[{"taxonomy":"category","embeddable":true,"href":"https:\/\/eldiariodesanpedro.com.ar\/sitio\/wp-json\/wp\/v2\/categories?post=34840"},{"taxonomy":"post_tag","embeddable":true,"href":"https:\/\/eldiariodesanpedro.com.ar\/sitio\/wp-json\/wp\/v2\/tags?post=34840"}],"curies":[{"name":"wp","href":"https:\/\/api.w.org\/{rel}","templated":true}]}}