{"id":34835,"date":"2018-06-14T21:21:30","date_gmt":"2018-06-15T00:21:30","guid":{"rendered":"https:\/\/eldiariodesanpedro.com.ar\/sitio\/?p=34835"},"modified":"2026-01-24T00:13:28","modified_gmt":"2026-01-24T03:13:28","slug":"futbol-local-atletico-protesto-el-partido-ante-def-unidos-por-inclusion-indebida-de-un-jugador","status":"publish","type":"post","link":"https:\/\/eldiariodesanpedro.com.ar\/sitio\/futbol-local-atletico-protesto-el-partido-ante-def-unidos-por-inclusion-indebida-de-un-jugador\/","title":{"rendered":"F\u00daTBOL LOCAL: Atl\u00e9tico protest\u00f3 el partido ante Def. Unidos por inclusi\u00f3n indebida de un jugador"},"content":{"rendered":"<p><!-- VideographyWP Plugin Message: Automatic video embedding prevented by plugin options. --><br \/>\n  En el bolet\u00edn liguista emitido este mi\u00e9rcoles, el Tribunal de Disciplina abri\u00f3 un expediente sobre el partido que Def. Unidos le gan\u00f3 a Atl\u00e9tico en el \u201cCarlos Asali\u201d por 3 a 2, supuestamente por inclusi\u00f3n indebida de un jugador, el supuesto es porque el tribunal no hace menci\u00f3n al hecho denunciado, s\u00ed a la protesta para lo cual el Club de Baradero cumpli\u00f3 con los requisitos exigidos por el Reglamento de Transgresiones y Penas de AFA.<br \/>\n  Est\u00e1n citados el Presidente del club Def. Unidos, \u00e1rbitro del cotejo y dos jugadores de CADU para el martes 19 de junio entre las 19.30 y 20.30 horas. <\/p>\n<p>EXP. 187: ATL\u00c9TICO VS. DEF. UNIDOS, PRIMERA DIVISI\u00d3N<br \/>\nPROTESTA DE PARTIDO: Reunidos los requisitos exigidos por el Reglamento de Transgresiones y Penas se hace lugar a la protesta efectuada.<\/p>\n<p>Art. 07\u00ba y 10\u00ba RTP.: citar al Sr. presidente del club Def. Unidos a fin de tomar conocimiento de las actuaciones y efectuar el descargo correspondiente para el d\u00eda martes 18 de junio a las 19.30 horas.<br \/>\nCitar al \u00e1rbitro Sr. Santiago Banegas para el d\u00eda martes 19 de junio a las 20.00 horas.<br \/>\nCitar a los jugadores, Sr. Lorido Rodrigo y Torres Francisco (Def. Unidos) para el d\u00eda martes 19 de junio a las 20.30 horas.<\/p>\n<p>Todas las sanciones aplicadas en la \u00faltima sesi\u00f3n del H. T. de Penas son las siguientes:<br \/>\n<img decoding=\"async\" data-attachment-id=\"34837\" data-permalink=\"https:\/\/eldiariodesanpedro.com.ar\/sitio\/futbol-local-atletico-protesto-el-partido-ante-def-unidos-por-inclusion-indebida-de-un-jugador\/info-sanciones\/\" data-orig-file=\"https:\/\/eldiariodesanpedro.com.ar\/sitio\/wp-content\/uploads\/2018\/06\/info-sanciones.jpg\" data-orig-size=\"604,453\" data-comments-opened=\"1\" data-image-meta=\"{&quot;aperture&quot;:&quot;0&quot;,&quot;credit&quot;:&quot;&quot;,&quot;camera&quot;:&quot;&quot;,&quot;caption&quot;:&quot;&quot;,&quot;created_timestamp&quot;:&quot;0&quot;,&quot;copyright&quot;:&quot;&quot;,&quot;focal_length&quot;:&quot;0&quot;,&quot;iso&quot;:&quot;0&quot;,&quot;shutter_speed&quot;:&quot;0&quot;,&quot;title&quot;:&quot;&quot;,&quot;orientation&quot;:&quot;0&quot;}\" data-image-title=\"info sanciones\" data-image-description=\"\" data-image-caption=\"\" data-large-file=\"https:\/\/eldiariodesanpedro.com.ar\/sitio\/wp-content\/uploads\/2018\/06\/info-sanciones.jpg\" data-src=\"https:\/\/eldiariodesanpedro.com.ar\/sitio\/wp-content\/uploads\/2018\/06\/info-sanciones.jpg\" alt=\"\" width=\"604\" height=\"453\" class=\"alignnone size-full wp-image-34837 lazyload\" data-srcset=\"https:\/\/eldiariodesanpedro.com.ar\/sitio\/wp-content\/uploads\/2018\/06\/info-sanciones.jpg 604w, https:\/\/eldiariodesanpedro.com.ar\/sitio\/wp-content\/uploads\/2018\/06\/info-sanciones-300x225.jpg 300w\" data-sizes=\"(max-width: 604px) 100vw, 604px\" src=\"data:image\/svg+xml;base64,PHN2ZyB3aWR0aD0iMSIgaGVpZ2h0PSIxIiB4bWxucz0iaHR0cDovL3d3dy53My5vcmcvMjAwMC9zdmciPjwvc3ZnPg==\" style=\"--smush-placeholder-width: 604px; --smush-placeholder-aspect-ratio: 604\/453;\" \/><\/p>\n","protected":false},"excerpt":{"rendered":"<p>En el bolet\u00edn liguista emitido este mi\u00e9rcoles, el Tribunal de Disciplina abri\u00f3 un expediente sobre el partido que Def. Unidos le gan\u00f3 a Atl\u00e9tico en el \u201cCarlos Asali\u201d por 3 a 2, supuestamente por inclusi\u00f3n indebida de un jugador, el supuesto es porque el tribunal no hace menci\u00f3n al hecho denunciado, s\u00ed a la protesta [&hellip;]<\/p>\n","protected":false},"author":4,"featured_media":12943,"comment_status":"open","ping_status":"closed","sticky":false,"template":"","format":"standard","meta":{"om_disable_all_campaigns":false,"_jetpack_memberships_contains_paid_content":false,"footnotes":""},"categories":[5],"tags":[],"class_list":["post-34835","post","type-post","status-publish","format-standard","has-post-thumbnail","hentry","category-deportes"],"aioseo_notices":[],"gutentor_comment":0,"jetpack_featured_media_url":"https:\/\/eldiariodesanpedro.com.ar\/sitio\/wp-content\/uploads\/2017\/01\/futbol.jpg","jetpack_shortlink":"https:\/\/wp.me\/p6RhLt-93R","jetpack_sharing_enabled":true,"_links":{"self":[{"href":"https:\/\/eldiariodesanpedro.com.ar\/sitio\/wp-json\/wp\/v2\/posts\/34835","targetHints":{"allow":["GET"]}}],"collection":[{"href":"https:\/\/eldiariodesanpedro.com.ar\/sitio\/wp-json\/wp\/v2\/posts"}],"about":[{"href":"https:\/\/eldiariodesanpedro.com.ar\/sitio\/wp-json\/wp\/v2\/types\/post"}],"author":[{"embeddable":true,"href":"https:\/\/eldiariodesanpedro.com.ar\/sitio\/wp-json\/wp\/v2\/users\/4"}],"replies":[{"embeddable":true,"href":"https:\/\/eldiariodesanpedro.com.ar\/sitio\/wp-json\/wp\/v2\/comments?post=34835"}],"version-history":[{"count":1,"href":"https:\/\/eldiariodesanpedro.com.ar\/sitio\/wp-json\/wp\/v2\/posts\/34835\/revisions"}],"predecessor-version":[{"id":34838,"href":"https:\/\/eldiariodesanpedro.com.ar\/sitio\/wp-json\/wp\/v2\/posts\/34835\/revisions\/34838"}],"wp:featuredmedia":[{"embeddable":true,"href":"https:\/\/eldiariodesanpedro.com.ar\/sitio\/wp-json\/wp\/v2\/media\/12943"}],"wp:attachment":[{"href":"https:\/\/eldiariodesanpedro.com.ar\/sitio\/wp-json\/wp\/v2\/media?parent=34835"}],"wp:term":[{"taxonomy":"category","embeddable":true,"href":"https:\/\/eldiariodesanpedro.com.ar\/sitio\/wp-json\/wp\/v2\/categories?post=34835"},{"taxonomy":"post_tag","embeddable":true,"href":"https:\/\/eldiariodesanpedro.com.ar\/sitio\/wp-json\/wp\/v2\/tags?post=34835"}],"curies":[{"name":"wp","href":"https:\/\/api.w.org\/{rel}","templated":true}]}}