{"id":34834,"date":"2018-06-14T21:21:24","date_gmt":"2018-06-15T00:21:24","guid":{"rendered":"https:\/\/eldiariodesanpedro.com.ar\/sitio\/?p=34834"},"modified":"2026-01-24T00:13:28","modified_gmt":"2026-01-24T03:13:28","slug":"natacion-buen-comienzo-de-bruno-giles-en-el-campeonato-republica","status":"publish","type":"post","link":"https:\/\/eldiariodesanpedro.com.ar\/sitio\/natacion-buen-comienzo-de-bruno-giles-en-el-campeonato-republica\/","title":{"rendered":"NATACION: Buen comienzo de Bruno Giles en el Campeonato Rep\u00fablica"},"content":{"rendered":"<p><!-- VideographyWP Plugin Message: Automatic video embedding prevented by plugin options. --><br \/>\n  El nadador del Club N\u00e1utico se encuentra junto a varios sampedrinos (tambi\u00e9n del Club Pescadores) participando del Nacional de C y Juveniles en Mar del Plata, logrando el juvenil valor del \u00abceleste\u00bb coronarse subcampe\u00f3n nacional, cat. 14 a\u00f1os 100 metros pecho. Gan\u00f3 dante Nicol\u00e1s (Morteros), segundo Bruno Giles y tercero Paulo Ben\u00edtez (Zarate). La continuidad ser\u00e1 hasta el s\u00e1bado en el natatorio Panamericano de la ciudad \u00abfeliz\u00bb.<\/p>\n<p>  El entrenador de Giles, Sebasti\u00e1n Graff public\u00f3 en la red social ni bien culmin\u00f3 la competencia \u00abLes quiero contar que Bruno hasta ayer estuvo con mucha fiebre, lo que nos oblig\u00f3 a no poder asistir al entrenamiento de ayer y dar de baja los 200 medley, tambi\u00e9n poniendo en duda su participaci\u00f3n en los 100 pecho. Hoy se levant\u00f3 sin fiebre y todav\u00eda convaleciente fue a correr la serie clasificatoria quedando con el 4* tiempo para la final de la tarde. Demostrando mucha garra y, a pesar de no estar al 100%  logr\u00f3 lo que dese\u00e1bamos.<\/p>\n<p>  Ejemplo de que cuando uno desea algo con muchas ganas lo puede obtener&#8230; \u00a1\u00a1\u00a1Ma\u00f1ana vamos por m\u00e1s!!!\u00bb<\/p>\n","protected":false},"excerpt":{"rendered":"<p>El nadador del Club N\u00e1utico se encuentra junto a varios sampedrinos (tambi\u00e9n del Club Pescadores) participando del Nacional de C y Juveniles en Mar del Plata, logrando el juvenil valor del \u00abceleste\u00bb coronarse subcampe\u00f3n nacional, cat. 14 a\u00f1os 100 metros pecho. Gan\u00f3 dante Nicol\u00e1s (Morteros), segundo Bruno Giles y tercero Paulo Ben\u00edtez (Zarate). La continuidad [&hellip;]<\/p>\n","protected":false},"author":4,"featured_media":34836,"comment_status":"open","ping_status":"closed","sticky":false,"template":"","format":"standard","meta":{"om_disable_all_campaigns":false,"_jetpack_memberships_contains_paid_content":false,"footnotes":""},"categories":[5],"tags":[],"class_list":["post-34834","post","type-post","status-publish","format-standard","has-post-thumbnail","hentry","category-deportes"],"aioseo_notices":[],"gutentor_comment":0,"jetpack_featured_media_url":"https:\/\/eldiariodesanpedro.com.ar\/sitio\/wp-content\/uploads\/2018\/06\/Bruno-Giles.jpg","jetpack_shortlink":"https:\/\/wp.me\/p6RhLt-93Q","jetpack_sharing_enabled":true,"_links":{"self":[{"href":"https:\/\/eldiariodesanpedro.com.ar\/sitio\/wp-json\/wp\/v2\/posts\/34834","targetHints":{"allow":["GET"]}}],"collection":[{"href":"https:\/\/eldiariodesanpedro.com.ar\/sitio\/wp-json\/wp\/v2\/posts"}],"about":[{"href":"https:\/\/eldiariodesanpedro.com.ar\/sitio\/wp-json\/wp\/v2\/types\/post"}],"author":[{"embeddable":true,"href":"https:\/\/eldiariodesanpedro.com.ar\/sitio\/wp-json\/wp\/v2\/users\/4"}],"replies":[{"embeddable":true,"href":"https:\/\/eldiariodesanpedro.com.ar\/sitio\/wp-json\/wp\/v2\/comments?post=34834"}],"version-history":[{"count":1,"href":"https:\/\/eldiariodesanpedro.com.ar\/sitio\/wp-json\/wp\/v2\/posts\/34834\/revisions"}],"predecessor-version":[{"id":34839,"href":"https:\/\/eldiariodesanpedro.com.ar\/sitio\/wp-json\/wp\/v2\/posts\/34834\/revisions\/34839"}],"wp:featuredmedia":[{"embeddable":true,"href":"https:\/\/eldiariodesanpedro.com.ar\/sitio\/wp-json\/wp\/v2\/media\/34836"}],"wp:attachment":[{"href":"https:\/\/eldiariodesanpedro.com.ar\/sitio\/wp-json\/wp\/v2\/media?parent=34834"}],"wp:term":[{"taxonomy":"category","embeddable":true,"href":"https:\/\/eldiariodesanpedro.com.ar\/sitio\/wp-json\/wp\/v2\/categories?post=34834"},{"taxonomy":"post_tag","embeddable":true,"href":"https:\/\/eldiariodesanpedro.com.ar\/sitio\/wp-json\/wp\/v2\/tags?post=34834"}],"curies":[{"name":"wp","href":"https:\/\/api.w.org\/{rel}","templated":true}]}}