{"id":34830,"date":"2018-06-14T21:13:27","date_gmt":"2018-06-15T00:13:27","guid":{"rendered":"https:\/\/eldiariodesanpedro.com.ar\/sitio\/?p=34830"},"modified":"2026-01-24T00:13:28","modified_gmt":"2026-01-24T03:13:28","slug":"atletismo-el-equipo-de-raul-llusa-se-presento-con-exito-en-arrecifes","status":"publish","type":"post","link":"https:\/\/eldiariodesanpedro.com.ar\/sitio\/atletismo-el-equipo-de-raul-llusa-se-presento-con-exito-en-arrecifes\/","title":{"rendered":"ATLETISMO: El equipo de Ra\u00fal Llus\u00e1 se present\u00f3 con \u00e9xito en Arrecifes"},"content":{"rendered":"<p><!-- VideographyWP Plugin Message: Automatic video embedding prevented by plugin options. --><br \/>\nEl equipo \u201cFlyers\u201d compiti\u00f3 en una prueba atl\u00e9tica en la localidad de Arrecifes el pasado fin de semana, denominada la \u2018La carrera de fito\u2019, logrando excelentes resultados:<br \/>\nP\u00eda Muntan\u00e9 se ubic\u00f3 2\u00ba en la general y 1\u00ba en su categor\u00eda; Iris Ver\u00f3n 3\u00ba en la general y 2\u00ba en categor\u00eda; Angie Ver\u00f3n 15\u00ba en la general; Segundo Ver\u00f3n 4\u00ba en la general y 1\u00ba en su categor\u00eda.<\/p>\n","protected":false},"excerpt":{"rendered":"<p>El equipo \u201cFlyers\u201d compiti\u00f3 en una prueba atl\u00e9tica en la localidad de Arrecifes el pasado fin de semana, denominada la \u2018La carrera de fito\u2019, logrando excelentes resultados: P\u00eda Muntan\u00e9 se ubic\u00f3 2\u00ba en la general y 1\u00ba en su categor\u00eda; Iris Ver\u00f3n 3\u00ba en la general y 2\u00ba en categor\u00eda; Angie Ver\u00f3n 15\u00ba en la [&hellip;]<\/p>\n","protected":false},"author":4,"featured_media":22998,"comment_status":"open","ping_status":"closed","sticky":false,"template":"","format":"standard","meta":{"om_disable_all_campaigns":false,"_jetpack_memberships_contains_paid_content":false,"footnotes":""},"categories":[5],"tags":[],"class_list":["post-34830","post","type-post","status-publish","format-standard","has-post-thumbnail","hentry","category-deportes"],"aioseo_notices":[],"gutentor_comment":0,"jetpack_featured_media_url":"https:\/\/eldiariodesanpedro.com.ar\/sitio\/wp-content\/uploads\/2017\/09\/maraton-atletismo.jpg","jetpack_shortlink":"https:\/\/wp.me\/p6RhLt-93M","jetpack_sharing_enabled":true,"_links":{"self":[{"href":"https:\/\/eldiariodesanpedro.com.ar\/sitio\/wp-json\/wp\/v2\/posts\/34830","targetHints":{"allow":["GET"]}}],"collection":[{"href":"https:\/\/eldiariodesanpedro.com.ar\/sitio\/wp-json\/wp\/v2\/posts"}],"about":[{"href":"https:\/\/eldiariodesanpedro.com.ar\/sitio\/wp-json\/wp\/v2\/types\/post"}],"author":[{"embeddable":true,"href":"https:\/\/eldiariodesanpedro.com.ar\/sitio\/wp-json\/wp\/v2\/users\/4"}],"replies":[{"embeddable":true,"href":"https:\/\/eldiariodesanpedro.com.ar\/sitio\/wp-json\/wp\/v2\/comments?post=34830"}],"version-history":[{"count":1,"href":"https:\/\/eldiariodesanpedro.com.ar\/sitio\/wp-json\/wp\/v2\/posts\/34830\/revisions"}],"predecessor-version":[{"id":34832,"href":"https:\/\/eldiariodesanpedro.com.ar\/sitio\/wp-json\/wp\/v2\/posts\/34830\/revisions\/34832"}],"wp:featuredmedia":[{"embeddable":true,"href":"https:\/\/eldiariodesanpedro.com.ar\/sitio\/wp-json\/wp\/v2\/media\/22998"}],"wp:attachment":[{"href":"https:\/\/eldiariodesanpedro.com.ar\/sitio\/wp-json\/wp\/v2\/media?parent=34830"}],"wp:term":[{"taxonomy":"category","embeddable":true,"href":"https:\/\/eldiariodesanpedro.com.ar\/sitio\/wp-json\/wp\/v2\/categories?post=34830"},{"taxonomy":"post_tag","embeddable":true,"href":"https:\/\/eldiariodesanpedro.com.ar\/sitio\/wp-json\/wp\/v2\/tags?post=34830"}],"curies":[{"name":"wp","href":"https:\/\/api.w.org\/{rel}","templated":true}]}}