{"id":34829,"date":"2018-06-14T21:13:08","date_gmt":"2018-06-15T00:13:08","guid":{"rendered":"https:\/\/eldiariodesanpedro.com.ar\/sitio\/?p=34829"},"modified":"2026-01-24T00:13:29","modified_gmt":"2026-01-24T03:13:29","slug":"boxeo-damian-munoz-pelea-en-san-pedro-el-13-de-julio","status":"publish","type":"post","link":"https:\/\/eldiariodesanpedro.com.ar\/sitio\/boxeo-damian-munoz-pelea-en-san-pedro-el-13-de-julio\/","title":{"rendered":"BOXEO: Dami\u00e1n Mu\u00f1oz pelea en San Pedro el 13 de julio"},"content":{"rendered":"<p><!-- VideographyWP Plugin Message: Automatic video embedding prevented by plugin options. --><br \/>\n  El deporte de los pu\u00f1os sigue con intensa actividad en San Pedro, festivales de aficionados y profesionales le dan vida a una disciplina que supo tener una masiva convocatoria y nuevamente va en busca de repetir a corto plazo. Sin dudas que una de las figuras es el sampedrino Dami\u00e1n Mu\u00f1oz, quien est\u00e1 invicto en el campo rentado con tres presentaciones y otras tantas definiciones por KO, un boxeador con \u00abpimienta\u00bb en los pu\u00f1os y promesa de buen espect\u00e1culo. <\/p>\n<p>  La velada se anuncia para el 13 de julio en Independencia FC, organizada por G J Promotora de Eventos Deportivos adelant\u00f3 que ser\u00e1n 10 peleas entre aficionados de la zona y la de fondo profesional, donde habr\u00e1 boxeo y Muay Thai (conocido tambi\u00e9n como boxeo tailand\u00e9s o, tradicionalmente como el arte de las ocho extremidades es un arte marcial y deporte de contacto) dentro del programa que en detalles se dar\u00e1 a conocer en los pr\u00f3ximos d\u00edas por la organizaci\u00f3n. <\/p>\n<p>  Estar\u00e1 fiscalizado por la WPC ya que habr\u00e1 un t\u00edtulo en juego y en el combate central Dami\u00e1n Mu\u00f1oz llevar\u00e1 a cabo su cuarta presentaci\u00f3n, retornando al deporte de los pu\u00f1os luego de su incursi\u00f3n a nivel internacional en otra disciplina de arte marcial.<\/p>\n<p>  Mu\u00f1oz es profesional desde octubre de 2016 y desde all\u00ed super\u00f3 en fila a G\u00f3mez, Aima y Rojas antes del l\u00edmite, con definiciones espectaculares. <\/p>\n<p>  En breve daremos a conocer mayores detalles de una velada inolvidable, el sal\u00f3n estar\u00e1 calefaccionado para mayor comodidad de los asistentes, comenzar\u00e1 la velada a las 21 horas y acompa\u00f1ar\u00e1 a los presentes un esmerado servicio de bar.<\/p>\n","protected":false},"excerpt":{"rendered":"<p>El deporte de los pu\u00f1os sigue con intensa actividad en San Pedro, festivales de aficionados y profesionales le dan vida a una disciplina que supo tener una masiva convocatoria y nuevamente va en busca de repetir a corto plazo. Sin dudas que una de las figuras es el sampedrino Dami\u00e1n Mu\u00f1oz, quien est\u00e1 invicto en [&hellip;]<\/p>\n","protected":false},"author":4,"featured_media":23740,"comment_status":"open","ping_status":"closed","sticky":false,"template":"","format":"standard","meta":{"om_disable_all_campaigns":false,"_jetpack_memberships_contains_paid_content":false,"footnotes":""},"categories":[5],"tags":[],"class_list":["post-34829","post","type-post","status-publish","format-standard","has-post-thumbnail","hentry","category-deportes"],"aioseo_notices":[],"gutentor_comment":0,"jetpack_featured_media_url":"https:\/\/eldiariodesanpedro.com.ar\/sitio\/wp-content\/uploads\/2017\/09\/Damian-Mu\u00f1oz-2.jpg","jetpack_shortlink":"https:\/\/wp.me\/p6RhLt-93L","jetpack_sharing_enabled":true,"_links":{"self":[{"href":"https:\/\/eldiariodesanpedro.com.ar\/sitio\/wp-json\/wp\/v2\/posts\/34829","targetHints":{"allow":["GET"]}}],"collection":[{"href":"https:\/\/eldiariodesanpedro.com.ar\/sitio\/wp-json\/wp\/v2\/posts"}],"about":[{"href":"https:\/\/eldiariodesanpedro.com.ar\/sitio\/wp-json\/wp\/v2\/types\/post"}],"author":[{"embeddable":true,"href":"https:\/\/eldiariodesanpedro.com.ar\/sitio\/wp-json\/wp\/v2\/users\/4"}],"replies":[{"embeddable":true,"href":"https:\/\/eldiariodesanpedro.com.ar\/sitio\/wp-json\/wp\/v2\/comments?post=34829"}],"version-history":[{"count":1,"href":"https:\/\/eldiariodesanpedro.com.ar\/sitio\/wp-json\/wp\/v2\/posts\/34829\/revisions"}],"predecessor-version":[{"id":34831,"href":"https:\/\/eldiariodesanpedro.com.ar\/sitio\/wp-json\/wp\/v2\/posts\/34829\/revisions\/34831"}],"wp:featuredmedia":[{"embeddable":true,"href":"https:\/\/eldiariodesanpedro.com.ar\/sitio\/wp-json\/wp\/v2\/media\/23740"}],"wp:attachment":[{"href":"https:\/\/eldiariodesanpedro.com.ar\/sitio\/wp-json\/wp\/v2\/media?parent=34829"}],"wp:term":[{"taxonomy":"category","embeddable":true,"href":"https:\/\/eldiariodesanpedro.com.ar\/sitio\/wp-json\/wp\/v2\/categories?post=34829"},{"taxonomy":"post_tag","embeddable":true,"href":"https:\/\/eldiariodesanpedro.com.ar\/sitio\/wp-json\/wp\/v2\/tags?post=34829"}],"curies":[{"name":"wp","href":"https:\/\/api.w.org\/{rel}","templated":true}]}}