{"id":34806,"date":"2018-06-14T18:33:08","date_gmt":"2018-06-14T21:33:08","guid":{"rendered":"https:\/\/eldiariodesanpedro.com.ar\/sitio\/?p=34806"},"modified":"2018-06-14T18:33:08","modified_gmt":"2018-06-14T21:33:08","slug":"accidente-de-transito-en-quiroga-y-mitre","status":"publish","type":"post","link":"https:\/\/eldiariodesanpedro.com.ar\/sitio\/accidente-de-transito-en-quiroga-y-mitre\/","title":{"rendered":"Accidente de tr\u00e1nsito en Quiroga y Mitre"},"content":{"rendered":"<p><!-- VideographyWP Plugin Message: Automatic video embedding prevented by plugin options. --><br \/>\nEste jueves por la tarde alrededor de las 17:30 hs en la esquina de Mitre y Quiroga ocurri\u00f3 un nuevo accidente de tr\u00e1nsito. <\/p>\n<p>El siniestro ocurri\u00f3 entre una motocicleta Motomel 110 cc color negra en la que circulaba una joven mujer y un autom\u00f3vil Citroen C3 color gris que era conducido por un ciudadano mayor de edad.<\/p>\n<p>La femenina fue trasladada por el servicio del SAME a la guardia del hospital local donde podr\u00eda presentar heridas leves.<\/p>\n","protected":false},"excerpt":{"rendered":"<p>Este jueves por la tarde alrededor de las 17:30 hs en la esquina de Mitre y Quiroga ocurri\u00f3 un nuevo accidente de tr\u00e1nsito. El siniestro ocurri\u00f3 entre una motocicleta Motomel 110 cc color negra en la que circulaba una joven mujer y un autom\u00f3vil Citroen C3 color gris que era conducido por un ciudadano mayor [&hellip;]<\/p>\n","protected":false},"author":4,"featured_media":34810,"comment_status":"open","ping_status":"closed","sticky":false,"template":"","format":"standard","meta":{"om_disable_all_campaigns":false,"_jetpack_memberships_contains_paid_content":false,"footnotes":""},"categories":[2,103],"tags":[],"class_list":["post-34806","post","type-post","status-publish","format-standard","has-post-thumbnail","hentry","category-locales","category-policiales-locales"],"aioseo_notices":[],"gutentor_comment":0,"jetpack_featured_media_url":"https:\/\/eldiariodesanpedro.com.ar\/sitio\/wp-content\/uploads\/2018\/06\/20180614_175537-e1529011917543.jpg","jetpack_shortlink":"https:\/\/wp.me\/p6RhLt-93o","jetpack_sharing_enabled":true,"_links":{"self":[{"href":"https:\/\/eldiariodesanpedro.com.ar\/sitio\/wp-json\/wp\/v2\/posts\/34806","targetHints":{"allow":["GET"]}}],"collection":[{"href":"https:\/\/eldiariodesanpedro.com.ar\/sitio\/wp-json\/wp\/v2\/posts"}],"about":[{"href":"https:\/\/eldiariodesanpedro.com.ar\/sitio\/wp-json\/wp\/v2\/types\/post"}],"author":[{"embeddable":true,"href":"https:\/\/eldiariodesanpedro.com.ar\/sitio\/wp-json\/wp\/v2\/users\/4"}],"replies":[{"embeddable":true,"href":"https:\/\/eldiariodesanpedro.com.ar\/sitio\/wp-json\/wp\/v2\/comments?post=34806"}],"version-history":[{"count":1,"href":"https:\/\/eldiariodesanpedro.com.ar\/sitio\/wp-json\/wp\/v2\/posts\/34806\/revisions"}],"predecessor-version":[{"id":34811,"href":"https:\/\/eldiariodesanpedro.com.ar\/sitio\/wp-json\/wp\/v2\/posts\/34806\/revisions\/34811"}],"wp:featuredmedia":[{"embeddable":true,"href":"https:\/\/eldiariodesanpedro.com.ar\/sitio\/wp-json\/wp\/v2\/media\/34810"}],"wp:attachment":[{"href":"https:\/\/eldiariodesanpedro.com.ar\/sitio\/wp-json\/wp\/v2\/media?parent=34806"}],"wp:term":[{"taxonomy":"category","embeddable":true,"href":"https:\/\/eldiariodesanpedro.com.ar\/sitio\/wp-json\/wp\/v2\/categories?post=34806"},{"taxonomy":"post_tag","embeddable":true,"href":"https:\/\/eldiariodesanpedro.com.ar\/sitio\/wp-json\/wp\/v2\/tags?post=34806"}],"curies":[{"name":"wp","href":"https:\/\/api.w.org\/{rel}","templated":true}]}}