{"id":34802,"date":"2018-06-14T17:51:27","date_gmt":"2018-06-14T20:51:27","guid":{"rendered":"https:\/\/eldiariodesanpedro.com.ar\/sitio\/?p=34802"},"modified":"2018-06-14T17:51:27","modified_gmt":"2018-06-14T20:51:27","slug":"ramallo-charlas-de-seguridad-vial-en-escuelas-de-ramallo","status":"publish","type":"post","link":"https:\/\/eldiariodesanpedro.com.ar\/sitio\/ramallo-charlas-de-seguridad-vial-en-escuelas-de-ramallo\/","title":{"rendered":"RAMALLO: Charlas de Seguridad Vial en escuelas de Ramallo"},"content":{"rendered":"<p><!-- VideographyWP Plugin Message: Automatic video embedding prevented by plugin options. --><br \/>\nEn el marco del Programa de Educaci\u00f3n Vial \u00abCon casco salvo mi vida y la tuya\u201d, la Subsecretar\u00eda de Seguridad y Educaci\u00f3n visitaron la Escuela de Educaci\u00f3n Secundaria N\u00b07 de El Para\u00edso.<\/p>\n<p>En la misma se realiz\u00f3 una charla con los alumnos sobre las distintas problem\u00e1ticas que est\u00e1n sujetas al tr\u00e1nsito y donde se debati\u00f3 con los ellos alguna de ellas.<\/p>\n<p>Tambi\u00e9n se entregaron tr\u00edpticos con las se\u00f1ales de tr\u00e1nsito, y de esta manera reforzar aquellas se\u00f1ales que no est\u00e1n del todo claras o err\u00f3neas.<\/p>\n<p>Adem\u00e1s se entreg\u00f3 una ejercitaron referida a la Educaci\u00f3n Vial para que lo trabajen con en el aula con los docentes.<\/p>\n<p>Vale destacar que esta Jornada se da en el marco del \u00abD\u00eda de la Seguridad Vial\u00bb en nuestro pa\u00eds, celebr\u00e1ndose el 10 de junio de cada a\u00f1o.<\/p>\n<p>Fuente: Ramallo ciudad<\/p>\n","protected":false},"excerpt":{"rendered":"<p>En el marco del Programa de Educaci\u00f3n Vial \u00abCon casco salvo mi vida y la tuya\u201d, la Subsecretar\u00eda de Seguridad y Educaci\u00f3n visitaron la Escuela de Educaci\u00f3n Secundaria N\u00b07 de El Para\u00edso. En la misma se realiz\u00f3 una charla con los alumnos sobre las distintas problem\u00e1ticas que est\u00e1n sujetas al tr\u00e1nsito y donde se debati\u00f3 [&hellip;]<\/p>\n","protected":false},"author":4,"featured_media":34804,"comment_status":"open","ping_status":"closed","sticky":false,"template":"","format":"standard","meta":{"om_disable_all_campaigns":false,"_jetpack_memberships_contains_paid_content":false,"footnotes":""},"categories":[621],"tags":[],"class_list":["post-34802","post","type-post","status-publish","format-standard","has-post-thumbnail","hentry","category-regionales"],"aioseo_notices":[],"gutentor_comment":0,"jetpack_featured_media_url":"https:\/\/eldiariodesanpedro.com.ar\/sitio\/wp-content\/uploads\/2018\/06\/bbx_965453031_1_seg_vial.jpeg","jetpack_shortlink":"https:\/\/wp.me\/p6RhLt-93k","jetpack_sharing_enabled":true,"_links":{"self":[{"href":"https:\/\/eldiariodesanpedro.com.ar\/sitio\/wp-json\/wp\/v2\/posts\/34802","targetHints":{"allow":["GET"]}}],"collection":[{"href":"https:\/\/eldiariodesanpedro.com.ar\/sitio\/wp-json\/wp\/v2\/posts"}],"about":[{"href":"https:\/\/eldiariodesanpedro.com.ar\/sitio\/wp-json\/wp\/v2\/types\/post"}],"author":[{"embeddable":true,"href":"https:\/\/eldiariodesanpedro.com.ar\/sitio\/wp-json\/wp\/v2\/users\/4"}],"replies":[{"embeddable":true,"href":"https:\/\/eldiariodesanpedro.com.ar\/sitio\/wp-json\/wp\/v2\/comments?post=34802"}],"version-history":[{"count":1,"href":"https:\/\/eldiariodesanpedro.com.ar\/sitio\/wp-json\/wp\/v2\/posts\/34802\/revisions"}],"predecessor-version":[{"id":34805,"href":"https:\/\/eldiariodesanpedro.com.ar\/sitio\/wp-json\/wp\/v2\/posts\/34802\/revisions\/34805"}],"wp:featuredmedia":[{"embeddable":true,"href":"https:\/\/eldiariodesanpedro.com.ar\/sitio\/wp-json\/wp\/v2\/media\/34804"}],"wp:attachment":[{"href":"https:\/\/eldiariodesanpedro.com.ar\/sitio\/wp-json\/wp\/v2\/media?parent=34802"}],"wp:term":[{"taxonomy":"category","embeddable":true,"href":"https:\/\/eldiariodesanpedro.com.ar\/sitio\/wp-json\/wp\/v2\/categories?post=34802"},{"taxonomy":"post_tag","embeddable":true,"href":"https:\/\/eldiariodesanpedro.com.ar\/sitio\/wp-json\/wp\/v2\/tags?post=34802"}],"curies":[{"name":"wp","href":"https:\/\/api.w.org\/{rel}","templated":true}]}}