{"id":34801,"date":"2018-06-14T17:50:37","date_gmt":"2018-06-14T20:50:37","guid":{"rendered":"https:\/\/eldiariodesanpedro.com.ar\/sitio\/?p=34801"},"modified":"2018-06-14T18:45:05","modified_gmt":"2018-06-14T21:45:05","slug":"allanamiento-y-detencion-de-dos-delincuentes-que-balearon-al-policia-en-la-tosquera","status":"publish","type":"post","link":"https:\/\/eldiariodesanpedro.com.ar\/sitio\/allanamiento-y-detencion-de-dos-delincuentes-que-balearon-al-policia-en-la-tosquera\/","title":{"rendered":"Contin\u00faa la b\u00fasqueda de dos pr\u00f3fugos con orden de detenci\u00f3n en la Tosquera"},"content":{"rendered":"<p><!-- VideographyWP Plugin Message: Automatic video embedding prevented by plugin options. --><br \/>\nSe realizan allanamientos en el Barrio La Tosquera por parte de la Prefectura Nacional Argentina, con la orden de detenci\u00f3n de dos delincuentes.<\/p>\n<p>Las diligencias son realizadas por parte de PFA y Polic\u00eda Bonaerense con orden de detenci\u00f3n de dos delincuentes Ricardo Velasquez y Ivan Bedetti quienes fueron los autores de un hecho delictivo ocurrido en una despensa en ese paraje. <\/p>\n<p>El hecho ocurri\u00f3 el pasado 7 de junio en horas de la madrugada en el \u00abAlmac\u00e9n El Toto\u00bb cuando a trav\u00e9s de un llamado al 911 el personal del destacamento procede al lugar encontr\u00e1ndose con un malviviente armado que manten\u00eda reducido al propietario del local quien se resistes y se trenzan en una pelea de golpes. En ese momento es sorprendido por otro delincuente quien efect\u00faa disparo sobre zona costal abdominal del efectivo dej\u00e1ndolo herido, Los malvivientes se dan a la fuga sin consumar el hecho.<\/p>\n<p>El efectivo policial tenia el chaleco antibalas reglamentario puesto lo que salv\u00f3 su vida, igualmente fue trasladado por la ambulancia de emergencia a la guardia del hospital de San Pedro para ser examinado permaneciendo internado en observaci\u00f3n por protocolo.<\/p>\n<p>Seg\u00fan testimonios que se pudieron conocer los delincuentes serian oriundos del paraje resultando ser gente de malvivir y con frondosos antecedentes. Por lo que en la tarde de este jueves el Juez de Garant\u00edas Pratti de San Nicol\u00e1s se dio la orden de detenci\u00f3n de los delincuentes.<\/p>\n<p>Al llegar al lugar prefectura no pudo dar con los delincuentes en sus domicilios quienes se dieron a la fuga por la zona de la costa y est\u00e1n siendo buscados en la zona de Papel Prensa.<\/p>\n","protected":false},"excerpt":{"rendered":"<p>Se realizan allanamientos en el Barrio La Tosquera por parte de la Prefectura Nacional Argentina, con la orden de detenci\u00f3n de dos delincuentes. Las diligencias son realizadas por parte de PFA y Polic\u00eda Bonaerense con orden de detenci\u00f3n de dos delincuentes Ricardo Velasquez y Ivan Bedetti quienes fueron los autores de un hecho delictivo ocurrido [&hellip;]<\/p>\n","protected":false},"author":4,"featured_media":34813,"comment_status":"open","ping_status":"closed","sticky":false,"template":"","format":"standard","meta":{"om_disable_all_campaigns":false,"_jetpack_memberships_contains_paid_content":false,"footnotes":""},"categories":[2,103],"tags":[],"class_list":["post-34801","post","type-post","status-publish","format-standard","has-post-thumbnail","hentry","category-locales","category-policiales-locales"],"aioseo_notices":[],"gutentor_comment":0,"jetpack_featured_media_url":"https:\/\/eldiariodesanpedro.com.ar\/sitio\/wp-content\/uploads\/2018\/06\/WhatsApp-Image-2018-06-14-at-18.31.56.jpeg","jetpack_shortlink":"https:\/\/wp.me\/p6RhLt-93j","jetpack_sharing_enabled":true,"_links":{"self":[{"href":"https:\/\/eldiariodesanpedro.com.ar\/sitio\/wp-json\/wp\/v2\/posts\/34801","targetHints":{"allow":["GET"]}}],"collection":[{"href":"https:\/\/eldiariodesanpedro.com.ar\/sitio\/wp-json\/wp\/v2\/posts"}],"about":[{"href":"https:\/\/eldiariodesanpedro.com.ar\/sitio\/wp-json\/wp\/v2\/types\/post"}],"author":[{"embeddable":true,"href":"https:\/\/eldiariodesanpedro.com.ar\/sitio\/wp-json\/wp\/v2\/users\/4"}],"replies":[{"embeddable":true,"href":"https:\/\/eldiariodesanpedro.com.ar\/sitio\/wp-json\/wp\/v2\/comments?post=34801"}],"version-history":[{"count":3,"href":"https:\/\/eldiariodesanpedro.com.ar\/sitio\/wp-json\/wp\/v2\/posts\/34801\/revisions"}],"predecessor-version":[{"id":34816,"href":"https:\/\/eldiariodesanpedro.com.ar\/sitio\/wp-json\/wp\/v2\/posts\/34801\/revisions\/34816"}],"wp:featuredmedia":[{"embeddable":true,"href":"https:\/\/eldiariodesanpedro.com.ar\/sitio\/wp-json\/wp\/v2\/media\/34813"}],"wp:attachment":[{"href":"https:\/\/eldiariodesanpedro.com.ar\/sitio\/wp-json\/wp\/v2\/media?parent=34801"}],"wp:term":[{"taxonomy":"category","embeddable":true,"href":"https:\/\/eldiariodesanpedro.com.ar\/sitio\/wp-json\/wp\/v2\/categories?post=34801"},{"taxonomy":"post_tag","embeddable":true,"href":"https:\/\/eldiariodesanpedro.com.ar\/sitio\/wp-json\/wp\/v2\/tags?post=34801"}],"curies":[{"name":"wp","href":"https:\/\/api.w.org\/{rel}","templated":true}]}}