{"id":34796,"date":"2018-06-14T17:20:05","date_gmt":"2018-06-14T20:20:05","guid":{"rendered":"https:\/\/eldiariodesanpedro.com.ar\/sitio\/?p=34796"},"modified":"2018-06-14T17:20:05","modified_gmt":"2018-06-14T20:20:05","slug":"tarde-de-te-y-lectura","status":"publish","type":"post","link":"https:\/\/eldiariodesanpedro.com.ar\/sitio\/tarde-de-te-y-lectura\/","title":{"rendered":"Tarde de T\u00e9 y Lectura"},"content":{"rendered":"<p><!-- VideographyWP Plugin Message: Automatic video embedding prevented by plugin options. --><br \/>\nLa Direcci\u00f3n de Cultura informa que el mi\u00e9rcoles 20 de junio se realizar\u00e1 una tarde de T\u00e9 y Lectura, acompa\u00f1ado de un recorrido sobre los \u00abEscritos de Manuel Belgrano\u00bb, a cargo de la Prof. Rosal\u00eda Lenguitti, con motivo de analizar su mirada econ\u00f3mica. <\/p>\n<p>Entrada Libre y Gratuita en el sal\u00f3n de conferencias del Buque Museo ARA Irigoyen. Avda. Juan de Garay 840.<\/p>\n","protected":false},"excerpt":{"rendered":"<p>La Direcci\u00f3n de Cultura informa que el mi\u00e9rcoles 20 de junio se realizar\u00e1 una tarde de T\u00e9 y Lectura, acompa\u00f1ado de un recorrido sobre los \u00abEscritos de Manuel Belgrano\u00bb, a cargo de la Prof. Rosal\u00eda Lenguitti, con motivo de analizar su mirada econ\u00f3mica. Entrada Libre y Gratuita en el sal\u00f3n de conferencias del Buque Museo [&hellip;]<\/p>\n","protected":false},"author":4,"featured_media":34797,"comment_status":"open","ping_status":"closed","sticky":false,"template":"","format":"standard","meta":{"om_disable_all_campaigns":false,"_jetpack_memberships_contains_paid_content":false,"footnotes":""},"categories":[101,2],"tags":[],"class_list":["post-34796","post","type-post","status-publish","format-standard","has-post-thumbnail","hentry","category-interes-general-locales","category-locales"],"aioseo_notices":[],"gutentor_comment":0,"jetpack_featured_media_url":"https:\/\/eldiariodesanpedro.com.ar\/sitio\/wp-content\/uploads\/2018\/06\/T\u00e9-y-lectura.png","jetpack_shortlink":"https:\/\/wp.me\/p6RhLt-93e","jetpack_sharing_enabled":true,"_links":{"self":[{"href":"https:\/\/eldiariodesanpedro.com.ar\/sitio\/wp-json\/wp\/v2\/posts\/34796","targetHints":{"allow":["GET"]}}],"collection":[{"href":"https:\/\/eldiariodesanpedro.com.ar\/sitio\/wp-json\/wp\/v2\/posts"}],"about":[{"href":"https:\/\/eldiariodesanpedro.com.ar\/sitio\/wp-json\/wp\/v2\/types\/post"}],"author":[{"embeddable":true,"href":"https:\/\/eldiariodesanpedro.com.ar\/sitio\/wp-json\/wp\/v2\/users\/4"}],"replies":[{"embeddable":true,"href":"https:\/\/eldiariodesanpedro.com.ar\/sitio\/wp-json\/wp\/v2\/comments?post=34796"}],"version-history":[{"count":1,"href":"https:\/\/eldiariodesanpedro.com.ar\/sitio\/wp-json\/wp\/v2\/posts\/34796\/revisions"}],"predecessor-version":[{"id":34798,"href":"https:\/\/eldiariodesanpedro.com.ar\/sitio\/wp-json\/wp\/v2\/posts\/34796\/revisions\/34798"}],"wp:featuredmedia":[{"embeddable":true,"href":"https:\/\/eldiariodesanpedro.com.ar\/sitio\/wp-json\/wp\/v2\/media\/34797"}],"wp:attachment":[{"href":"https:\/\/eldiariodesanpedro.com.ar\/sitio\/wp-json\/wp\/v2\/media?parent=34796"}],"wp:term":[{"taxonomy":"category","embeddable":true,"href":"https:\/\/eldiariodesanpedro.com.ar\/sitio\/wp-json\/wp\/v2\/categories?post=34796"},{"taxonomy":"post_tag","embeddable":true,"href":"https:\/\/eldiariodesanpedro.com.ar\/sitio\/wp-json\/wp\/v2\/tags?post=34796"}],"curies":[{"name":"wp","href":"https:\/\/api.w.org\/{rel}","templated":true}]}}