{"id":34795,"date":"2018-06-14T17:23:50","date_gmt":"2018-06-14T20:23:50","guid":{"rendered":"https:\/\/eldiariodesanpedro.com.ar\/sitio\/?p=34795"},"modified":"2018-06-14T17:23:50","modified_gmt":"2018-06-14T20:23:50","slug":"zarate-hcd-de-zarate-una-sesion-blindada","status":"publish","type":"post","link":"https:\/\/eldiariodesanpedro.com.ar\/sitio\/zarate-hcd-de-zarate-una-sesion-blindada\/","title":{"rendered":"ZARATE: HCD de Z\u00e1rate: una sesi\u00f3n blindada"},"content":{"rendered":"<p><!-- VideographyWP Plugin Message: Automatic video embedding prevented by plugin options. --><br \/>\nCon fuerte presencia policial y la calle Alt. Brown vallada, pasadas las 8:00 hs. se realiz\u00f3 la quinta sesi\u00f3n ordinaria del Concejo Deliberante de Z\u00e1rate.<\/p>\n<p>Seg\u00fan las versiones, fuera del orden del d\u00eda se trat\u00f3 la propuesta del oficialismo de derogar la Ordenanza 2841\/93 que otorgaba la concesi\u00f3n del servicio p\u00fablico de pasajeros a Cooperativa 3 de Julio.<\/p>\n<p>Con una votaci\u00f3n que dio como resultado 11 a 4 a favor, fue derogada la Ordenanza  2841\/93 que otorgaba la concesi\u00f3n del servicio p\u00fablico de pasajeros a Cooperativa 3 de Julio; de esta manera la entidad cooperativista dejar\u00e1 de prestar el servicio.<\/p>\n<p>Por otra parte tambi\u00e9n se aprob\u00f3 la Ordenanza que autoriza a la SAPEM a hacerse cargo del transporte a partir del 10 de diciembre pr\u00f3ximo y al pedido de Leasing por 133 millones de pesos para la compra de 36 unidades 0 km que conformaran la nueva flota.<\/p>\n<p>Estuvieron ausentes en el recinto los ediles Jos\u00e9 Bugatto, Mar\u00eda Hayde\u00e9 Romero, Marcelo Vaccaiani, del bloque PJ \u2013 Unidad Ciudadana, Edgardo Avigliano de Nuevo Z\u00e1rate y Juli\u00e1n Guelvenz\u00fa de Cambiemos.<\/p>\n<p>Los cuatro votos en contra de lo resuelto fueron de Lucas Castiglioni del monobloque Unidad Ciudadana y otra vez el sector de Cambiemos vot\u00f3 dividido: Mar\u00eda Elena Gallea, Irene Guehenneuf y \u00c1ngel Lavi\u00e9, fueron los que eligieron la negativa.<\/p>\n<p>La sesi\u00f3n se celebr\u00f3 bajo un importante operativo policial en las inmediaciones del edificio HCD, que incluy\u00f3 el vallado de la calle Brown.<\/p>\n<p>Fuente: Enlace Critico<\/p>\n","protected":false},"excerpt":{"rendered":"<p>Con fuerte presencia policial y la calle Alt. Brown vallada, pasadas las 8:00 hs. se realiz\u00f3 la quinta sesi\u00f3n ordinaria del Concejo Deliberante de Z\u00e1rate. Seg\u00fan las versiones, fuera del orden del d\u00eda se trat\u00f3 la propuesta del oficialismo de derogar la Ordenanza 2841\/93 que otorgaba la concesi\u00f3n del servicio p\u00fablico de pasajeros a Cooperativa [&hellip;]<\/p>\n","protected":false},"author":4,"featured_media":34799,"comment_status":"open","ping_status":"closed","sticky":false,"template":"","format":"standard","meta":{"om_disable_all_campaigns":false,"_jetpack_memberships_contains_paid_content":false,"footnotes":""},"categories":[621],"tags":[],"class_list":["post-34795","post","type-post","status-publish","format-standard","has-post-thumbnail","hentry","category-regionales"],"aioseo_notices":[],"gutentor_comment":0,"jetpack_featured_media_url":"https:\/\/eldiariodesanpedro.com.ar\/sitio\/wp-content\/uploads\/2018\/06\/IMG_20180614_100758.jpg","jetpack_shortlink":"https:\/\/wp.me\/p6RhLt-93d","jetpack_sharing_enabled":true,"_links":{"self":[{"href":"https:\/\/eldiariodesanpedro.com.ar\/sitio\/wp-json\/wp\/v2\/posts\/34795","targetHints":{"allow":["GET"]}}],"collection":[{"href":"https:\/\/eldiariodesanpedro.com.ar\/sitio\/wp-json\/wp\/v2\/posts"}],"about":[{"href":"https:\/\/eldiariodesanpedro.com.ar\/sitio\/wp-json\/wp\/v2\/types\/post"}],"author":[{"embeddable":true,"href":"https:\/\/eldiariodesanpedro.com.ar\/sitio\/wp-json\/wp\/v2\/users\/4"}],"replies":[{"embeddable":true,"href":"https:\/\/eldiariodesanpedro.com.ar\/sitio\/wp-json\/wp\/v2\/comments?post=34795"}],"version-history":[{"count":1,"href":"https:\/\/eldiariodesanpedro.com.ar\/sitio\/wp-json\/wp\/v2\/posts\/34795\/revisions"}],"predecessor-version":[{"id":34800,"href":"https:\/\/eldiariodesanpedro.com.ar\/sitio\/wp-json\/wp\/v2\/posts\/34795\/revisions\/34800"}],"wp:featuredmedia":[{"embeddable":true,"href":"https:\/\/eldiariodesanpedro.com.ar\/sitio\/wp-json\/wp\/v2\/media\/34799"}],"wp:attachment":[{"href":"https:\/\/eldiariodesanpedro.com.ar\/sitio\/wp-json\/wp\/v2\/media?parent=34795"}],"wp:term":[{"taxonomy":"category","embeddable":true,"href":"https:\/\/eldiariodesanpedro.com.ar\/sitio\/wp-json\/wp\/v2\/categories?post=34795"},{"taxonomy":"post_tag","embeddable":true,"href":"https:\/\/eldiariodesanpedro.com.ar\/sitio\/wp-json\/wp\/v2\/tags?post=34795"}],"curies":[{"name":"wp","href":"https:\/\/api.w.org\/{rel}","templated":true}]}}