{"id":34790,"date":"2018-06-14T17:05:51","date_gmt":"2018-06-14T20:05:51","guid":{"rendered":"https:\/\/eldiariodesanpedro.com.ar\/sitio\/?p=34790"},"modified":"2018-06-14T17:05:51","modified_gmt":"2018-06-14T20:05:51","slug":"san-nicolas-fallecio-una-mujer-como-consecuencia-de-un-cuadro-de-meningitis","status":"publish","type":"post","link":"https:\/\/eldiariodesanpedro.com.ar\/sitio\/san-nicolas-fallecio-una-mujer-como-consecuencia-de-un-cuadro-de-meningitis\/","title":{"rendered":"SAN NICOLAS: Falleci\u00f3 una mujer como consecuencia de un cuadro de meningitis"},"content":{"rendered":"<p><!-- VideographyWP Plugin Message: Automatic video embedding prevented by plugin options. --><br \/>\nSe trata de una vecina que resid\u00eda en la delegaci\u00f3n de Conesa, de 54 a\u00f1os de edad, que lleg\u00f3 al nosocomio local con una importante infecci\u00f3n en el o\u00eddo. Inmediatamente se comprob\u00f3 que la persona padec\u00eda meningitis del tipo bacteriana, es decir, la que no se contagia por el contacto directo.<\/p>\n<p>Una vecina de Conesa falleci\u00f3 en las \u00faltimas horas como consecuencia de un cuadro de meningitis. La informaci\u00f3n, que despert\u00f3 suma preocupaci\u00f3n entre los vecinos de Conesa fue confirmada a este medio por autoridades sanitarias. Se trata de una mujer adulta, de 54 a\u00f1os y de apellido Vargas, que hab\u00eda llegado al hospital San Felipe aquejada por un cuadro infeccioso en el o\u00eddo.<\/p>\n<p>Inmediatamente ingresada al nosocomio, el personal m\u00e9dico procedi\u00f3 a practicarle una punci\u00f3n lumbar, mediante la cual se pudo establecer que la mujer padec\u00eda inflamaci\u00f3n en la meninges. El cuadro fue irreversible. La mujer falleci\u00f3 en las \u00faltimas horas del mi\u00e9rcoles de la semana pasada.<\/p>\n<p>Adem\u00e1s de la tristeza l\u00f3gica que despierta la p\u00e9rdida de un ser querido, entre los familiares de la mujer fallecida tambi\u00e9n se despert\u00f3 la preocupaci\u00f3n por un posible contagio. Pero las autoridades m\u00e9dicas del San Felipe llevaron tranquilidad a los familiares en virtud de que se confirm\u00f3 que se trataba de un caso de meningitis de tipo bacteriana. Este tipo de afecci\u00f3n aguda est\u00e1 causada por una bacteria. Se trata de una inflamaci\u00f3n de aparici\u00f3n r\u00e1pida de las capas de tejido que cubren el enc\u00e9falo y la m\u00e9dula espinal (meninges) y del espacio que contiene el l\u00edquido localizado entre las meninges. La tranquilidad pasa por el hecho de que no se contagia por contacto directo, como ocurre con la meningitis viral.<\/p>\n<p>De acuerdo a lo que le confiaron vecinos de Conesa a este medio, Vargas era oriunda de General Rojo pero resid\u00eda en Conesa desde hace muchos a\u00f1os. Viv\u00eda con su esposo, le\u00f1ador, y era ama de casa de una familia humilde y de trabajo.<\/p>\n<p>Los restos de Vargas fueron velados en la cocher\u00eda de Conesa, y sepultados en General Rojo.<\/p>\n<p>Si bien la meningitis bacteriana enciende menos alarmas que la viral en virtud de que no hay contagio por contacto, no es menos cierto que pone en riesgo la vida si no es tratada a tiempo. En este caso, y tal como pudo saber EL NORTE, cuando la Sra. Vargas lleg\u00f3 al hospital San Felipe el cuadro era irreversible.<\/p>\n<p>Madre e hija<\/p>\n<p>D\u00edas atr\u00e1s, en Resistencia (Chaco), una mujer y su hija de 11 a\u00f1os fallecieron por meningitis.<\/p>\n<p>La menor ingres\u00f3 al Hospital Perrando  ya descompensada y en estado cr\u00edtico. De manera inmediata fue derivada Terapia Intensiva, donde los m\u00e9dicos a primera vista detectaron manchas en su cuerpo, por lo que se iniciaron las acciones por s\u00edntomas.<\/p>\n<p>El primer diagn\u00f3stico fue una meningitis bacteriana denominada \u201cfulminante\u201d por las pocas horas de evoluci\u00f3n que determinaron la muerte de la menor, y por ello r\u00e1pidamente se iniciaron las acciones preventivas y de contenci\u00f3n de todos quienes hayan tenido contacto con la ni\u00f1a y su madre.<\/p>\n<p>Despu\u00e9s de conocerse el fallecimiento de la ni\u00f1a, se les inform\u00f3 el deceso a los padres y fue all\u00ed que su madre se descompens\u00f3 y fue derivada al Perrando, y al principio se crey\u00f3 que se trataba de un cuadro propio de lo dram\u00e1tico de la situaci\u00f3n. Una vez que estuvo en el Hospital los facultativos detectaron s\u00edntomas similares a los de su hija, e inmediatamente se comenz\u00f3 la asistencia con las mismas caracter\u00edsticas, aunque finalmente la mam\u00e1 de la ni\u00f1a dejo de existir pocas horas despu\u00e9s.<\/p>\n<p>Las autoridades sanitarias aclararon que este tipo de casos no son los frecuentes. La mayor\u00eda de las meningitis son virales, las bacterianas representan apenas el 30 por ciento e incluso dentro de esa porci\u00f3n no siempre se producen cuadros tan severos.<\/p>\n<p>Fuente: Diario El Norte<\/p>\n","protected":false},"excerpt":{"rendered":"<p>Se trata de una vecina que resid\u00eda en la delegaci\u00f3n de Conesa, de 54 a\u00f1os de edad, que lleg\u00f3 al nosocomio local con una importante infecci\u00f3n en el o\u00eddo. Inmediatamente se comprob\u00f3 que la persona padec\u00eda meningitis del tipo bacteriana, es decir, la que no se contagia por el contacto directo. Una vecina de Conesa [&hellip;]<\/p>\n","protected":false},"author":4,"featured_media":34792,"comment_status":"open","ping_status":"closed","sticky":false,"template":"","format":"standard","meta":{"om_disable_all_campaigns":false,"_jetpack_memberships_contains_paid_content":false,"footnotes":""},"categories":[621],"tags":[],"class_list":["post-34790","post","type-post","status-publish","format-standard","has-post-thumbnail","hentry","category-regionales"],"aioseo_notices":[],"gutentor_comment":0,"jetpack_featured_media_url":"https:\/\/eldiariodesanpedro.com.ar\/sitio\/wp-content\/uploads\/2018\/06\/elnorte5b222d6fa2c84_guardia.jpg","jetpack_shortlink":"https:\/\/wp.me\/p6RhLt-938","jetpack_sharing_enabled":true,"_links":{"self":[{"href":"https:\/\/eldiariodesanpedro.com.ar\/sitio\/wp-json\/wp\/v2\/posts\/34790","targetHints":{"allow":["GET"]}}],"collection":[{"href":"https:\/\/eldiariodesanpedro.com.ar\/sitio\/wp-json\/wp\/v2\/posts"}],"about":[{"href":"https:\/\/eldiariodesanpedro.com.ar\/sitio\/wp-json\/wp\/v2\/types\/post"}],"author":[{"embeddable":true,"href":"https:\/\/eldiariodesanpedro.com.ar\/sitio\/wp-json\/wp\/v2\/users\/4"}],"replies":[{"embeddable":true,"href":"https:\/\/eldiariodesanpedro.com.ar\/sitio\/wp-json\/wp\/v2\/comments?post=34790"}],"version-history":[{"count":1,"href":"https:\/\/eldiariodesanpedro.com.ar\/sitio\/wp-json\/wp\/v2\/posts\/34790\/revisions"}],"predecessor-version":[{"id":34794,"href":"https:\/\/eldiariodesanpedro.com.ar\/sitio\/wp-json\/wp\/v2\/posts\/34790\/revisions\/34794"}],"wp:featuredmedia":[{"embeddable":true,"href":"https:\/\/eldiariodesanpedro.com.ar\/sitio\/wp-json\/wp\/v2\/media\/34792"}],"wp:attachment":[{"href":"https:\/\/eldiariodesanpedro.com.ar\/sitio\/wp-json\/wp\/v2\/media?parent=34790"}],"wp:term":[{"taxonomy":"category","embeddable":true,"href":"https:\/\/eldiariodesanpedro.com.ar\/sitio\/wp-json\/wp\/v2\/categories?post=34790"},{"taxonomy":"post_tag","embeddable":true,"href":"https:\/\/eldiariodesanpedro.com.ar\/sitio\/wp-json\/wp\/v2\/tags?post=34790"}],"curies":[{"name":"wp","href":"https:\/\/api.w.org\/{rel}","templated":true}]}}