{"id":34788,"date":"2018-06-14T17:05:49","date_gmt":"2018-06-14T20:05:49","guid":{"rendered":"https:\/\/eldiariodesanpedro.com.ar\/sitio\/?p=34788"},"modified":"2018-06-14T17:05:49","modified_gmt":"2018-06-14T20:05:49","slug":"nuevo-programa-de-estimulo-para-pymes","status":"publish","type":"post","link":"https:\/\/eldiariodesanpedro.com.ar\/sitio\/nuevo-programa-de-estimulo-para-pymes\/","title":{"rendered":"Nuevo programa de est\u00edmulo para PyMES"},"content":{"rendered":"<p><!-- VideographyWP Plugin Message: Automatic video embedding prevented by plugin options. --><br \/>\nLa Subsecretar\u00eda de Desarrollo Econ\u00f3mico de la Municipalidad de San Pedro informa que ha sido circularizado para su difusi\u00f3n el lanzamiento de un Paquete Est\u00edmulo para Peque\u00f1as y Medianas Empresas con un presupuesto de 33 mil millones de pesos para contribuir con inversiones en tres ejes puntuales, Capital de Trabajo, Inversi\u00f3n Productiva e Inclusi\u00f3n Financiera disponibles a trav\u00e9s del Banco de la Naci\u00f3n Argentina, Banco BICE y el Fondo de Garant\u00edas Argentino.  La presentaci\u00f3n tuvo lugar esta semana y estuvo a cargo del Ministro de la Producci\u00f3n Francisco Cabrera.<\/p>\n<p>La distribuci\u00f3n de presupuestos ser\u00e1 la siguiente para todo el programa:<\/p>\n<p>*CAPITAL DE TRABAJO: $22.000 millones<br \/>\n*INVERSI\u00d3N PRODUCTIVA: $7.000 millones<br \/>\n*INCLUSI\u00d3N FINANCIERA: $4.000 millones<\/p>\n<p>CAPITAL DE TRABAJO:<br \/>\nBANCO NACI\u00d3N: Destinar\u00e1 $10.000 millones para descuentos de cheques a una tasa del 29% (ya<br \/>\nbonificada en 3% por el Ministerio de Producci\u00f3n de la Naci\u00f3n)<br \/>\nBANCO BICE: ofrece un programa que incluye y destina $12.000 millones:<br \/>\nDescuento de cheques de pago diferido en forma directa<br \/>\nCheques avalados por SGRs a trav\u00e9s del mercado de capitales<br \/>\nDescuento de facturas a trav\u00e9s de la plataforma de factoring electr\u00f3nico<\/p>\n<p>INVERSI\u00d3N PRODUCTIVA: a largo plazo el BICE pondr\u00e1 a disposici\u00f3n de la PyMES $7.000 millones para apuntalar proyectos de eficiencia energ\u00e9tica, econom\u00edas regionales, parques industriales y maquinaria agr\u00edcola.<\/p>\n<p>INCLUSI\u00d3N FINANCIERA: se ponen a disposici\u00f3n $4.000 millones del Fondo de Garant\u00edas Argentino (FOGAR) administrado por el Ministerio de Producci\u00f3n para otorgar garant\u00edas autom\u00e1ticas y parciales a bancos para el otorgamiento de pr\u00e9stamos a PyMES.<\/p>\n","protected":false},"excerpt":{"rendered":"<p>La Subsecretar\u00eda de Desarrollo Econ\u00f3mico de la Municipalidad de San Pedro informa que ha sido circularizado para su difusi\u00f3n el lanzamiento de un Paquete Est\u00edmulo para Peque\u00f1as y Medianas Empresas con un presupuesto de 33 mil millones de pesos para contribuir con inversiones en tres ejes puntuales, Capital de Trabajo, Inversi\u00f3n Productiva e Inclusi\u00f3n Financiera [&hellip;]<\/p>\n","protected":false},"author":4,"featured_media":34791,"comment_status":"open","ping_status":"closed","sticky":false,"template":"","format":"standard","meta":{"om_disable_all_campaigns":false,"_jetpack_memberships_contains_paid_content":false,"footnotes":""},"categories":[101,2],"tags":[],"class_list":["post-34788","post","type-post","status-publish","format-standard","has-post-thumbnail","hentry","category-interes-general-locales","category-locales"],"aioseo_notices":[],"gutentor_comment":0,"jetpack_featured_media_url":"https:\/\/eldiariodesanpedro.com.ar\/sitio\/wp-content\/uploads\/2018\/06\/pastedImage-2.png","jetpack_shortlink":"https:\/\/wp.me\/p6RhLt-936","jetpack_sharing_enabled":true,"_links":{"self":[{"href":"https:\/\/eldiariodesanpedro.com.ar\/sitio\/wp-json\/wp\/v2\/posts\/34788","targetHints":{"allow":["GET"]}}],"collection":[{"href":"https:\/\/eldiariodesanpedro.com.ar\/sitio\/wp-json\/wp\/v2\/posts"}],"about":[{"href":"https:\/\/eldiariodesanpedro.com.ar\/sitio\/wp-json\/wp\/v2\/types\/post"}],"author":[{"embeddable":true,"href":"https:\/\/eldiariodesanpedro.com.ar\/sitio\/wp-json\/wp\/v2\/users\/4"}],"replies":[{"embeddable":true,"href":"https:\/\/eldiariodesanpedro.com.ar\/sitio\/wp-json\/wp\/v2\/comments?post=34788"}],"version-history":[{"count":1,"href":"https:\/\/eldiariodesanpedro.com.ar\/sitio\/wp-json\/wp\/v2\/posts\/34788\/revisions"}],"predecessor-version":[{"id":34793,"href":"https:\/\/eldiariodesanpedro.com.ar\/sitio\/wp-json\/wp\/v2\/posts\/34788\/revisions\/34793"}],"wp:featuredmedia":[{"embeddable":true,"href":"https:\/\/eldiariodesanpedro.com.ar\/sitio\/wp-json\/wp\/v2\/media\/34791"}],"wp:attachment":[{"href":"https:\/\/eldiariodesanpedro.com.ar\/sitio\/wp-json\/wp\/v2\/media?parent=34788"}],"wp:term":[{"taxonomy":"category","embeddable":true,"href":"https:\/\/eldiariodesanpedro.com.ar\/sitio\/wp-json\/wp\/v2\/categories?post=34788"},{"taxonomy":"post_tag","embeddable":true,"href":"https:\/\/eldiariodesanpedro.com.ar\/sitio\/wp-json\/wp\/v2\/tags?post=34788"}],"curies":[{"name":"wp","href":"https:\/\/api.w.org\/{rel}","templated":true}]}}