{"id":34786,"date":"2018-06-14T16:51:39","date_gmt":"2018-06-14T19:51:39","guid":{"rendered":"https:\/\/eldiariodesanpedro.com.ar\/sitio\/?p=34786"},"modified":"2018-06-14T16:51:39","modified_gmt":"2018-06-14T19:51:39","slug":"san-nicolas-se-investiga-la-muerte-de-una-nina-de-cuatro-anos-en-barrio-san-francisco","status":"publish","type":"post","link":"https:\/\/eldiariodesanpedro.com.ar\/sitio\/san-nicolas-se-investiga-la-muerte-de-una-nina-de-cuatro-anos-en-barrio-san-francisco\/","title":{"rendered":"SAN NICOLAS: Se investiga la muerte de una ni\u00f1a de cuatro a\u00f1os en Barrio San Francisco"},"content":{"rendered":"<p><!-- VideographyWP Plugin Message: Automatic video embedding prevented by plugin options. --><br \/>\nAyer a la madrugada miembros de una humilde familia de barrio San Francisco llevaron al hospital San Felipe a una ni\u00f1a de cuatro a\u00f1os que se hallaba muerta. La peque\u00f1a ten\u00eda problemas de salud por los que hab\u00eda sido internada anteriormente. La justicia investiga los causales del deceso de la menor. Ayer a la tarde se le practic\u00f3 la autopsia, y el informe preliminar arroj\u00f3 que habr\u00eda muerto debido a un cuadro de deshidrataci\u00f3n como consecuencia de las quemaduras sufridas unos d\u00edas antes.<\/p>\n<p>Ayer a la madrugada un terrible episodio tuvo lugar en la guardia del Hospital San Felipe cuando los padres de una ni\u00f1a de cuatro a\u00f1os la llevaron de urgencia al nosocomio ya que la misma no ten\u00eda reacci\u00f3n. La peque\u00f1a ya hab\u00eda sido internada en numerosas oportunidades. Al ser atendida se corrobor\u00f3 que la misma estaba muerta. Apenas tomado conocimiento de este hecho, personal policial y judicial se hizo presente en la sala para investigar lo sucedido. Ayer a la tarde se le practic\u00f3 la autopsia al cuerpo de la ni\u00f1a para determinar los causas de su deceso. El informe preliminar arroj\u00f3 que \u2013en principio- habr\u00eda muerto a ra\u00edz de un cuadro de deshidrataci\u00f3n, como consecuencia de las quemaduras sufridas en su brazo y otras partes del cuerpo, en un accidente dom\u00e9stico.<\/p>\n<p>Por lo que pudo saber nuestro medio, la ni\u00f1a tendr\u00eda un retraso madurativo, con alg\u00fan grado de desnutrici\u00f3n y seg\u00fan lo expresado por fuentes de este medio ser\u00eda de una familia carenciada. Asimismo, en el cuerpo, a simple vista, se pudo apreciar que la ni\u00f1a ten\u00eda una quemadura en su brazo, por lo que se investigan las circunstancias en que se le produjo esa marca.  <\/p>\n<p>Familia humilde<\/p>\n<p>Como mencionamos, la peque\u00f1a era de una familia en riesgo social, con muchas carencias y debido a su afecci\u00f3n f\u00edsica, debi\u00f3 ser internada en varias oportunidades. <\/p>\n<p>En di\u00e1logo con Mirna Botazzi, Secretaria de Salud del la Municipalidad, coment\u00f3 que el caso de la nena ya era conocido de antes de este fatal desenlace, debido a que ya hab\u00eda estado en reiteradas oportunidades internada en el hospital y se hacia un seguimiento de su familia. \u201cEs una nena con problemas de salud, que ten\u00eda seguimiento social del equipo de Prodenya, en un trabajo conjunto entre el servicio local de ni\u00f1ez, junto con el hospital San Felipe\u201d coment\u00f3 a nuestro medio la funcionaria. <\/p>\n<p>\u201cPor su patolog\u00eda de base la peque\u00f1a ten\u00eda muchas internaciones, lo que la llevaba a tener un perjuicio nutricional debido a las dificultades para alimentarse que pose\u00eda, aunque eso depende tambi\u00e9n de m\u00faltiples factores. Hab\u00eda un seguimiento de este caso que ya era conocido. La segu\u00edamos del servicio de salud p\u00fablica, como del Hospital. La familia es humilde, de barrio San Francisco, con una cuesti\u00f3n social vulnerable. Este caso se segu\u00eda con especial \u00e9nfasis. Como mencionamos su patolog\u00eda de base provocaba que la nena recayera en much\u00edsimas afecciones por otros cuadros\u201d agreg\u00f3.<\/p>\n<p>Ser\u00e1 reci\u00e9n a partir de los resultados de la autopsia que se podr\u00e1 determinar fehacientemente lo sucedido con la peque\u00f1a. Los padres de la fallecida brindaron su declaraci\u00f3n testimonial al fiscal que entiende en la causa, el Dr. Patricio M\u00fagica D\u00edaz titular de la UFI Nro. 1.<\/p>\n","protected":false},"excerpt":{"rendered":"<p>Ayer a la madrugada miembros de una humilde familia de barrio San Francisco llevaron al hospital San Felipe a una ni\u00f1a de cuatro a\u00f1os que se hallaba muerta. La peque\u00f1a ten\u00eda problemas de salud por los que hab\u00eda sido internada anteriormente. La justicia investiga los causales del deceso de la menor. Ayer a la tarde [&hellip;]<\/p>\n","protected":false},"author":4,"featured_media":34787,"comment_status":"open","ping_status":"closed","sticky":false,"template":"","format":"standard","meta":{"om_disable_all_campaigns":false,"_jetpack_memberships_contains_paid_content":false,"footnotes":""},"categories":[621],"tags":[],"class_list":["post-34786","post","type-post","status-publish","format-standard","has-post-thumbnail","hentry","category-regionales"],"aioseo_notices":[],"gutentor_comment":0,"jetpack_featured_media_url":"https:\/\/eldiariodesanpedro.com.ar\/sitio\/wp-content\/uploads\/2018\/06\/elnorte5b222c0670eaa_hospital.jpg","jetpack_shortlink":"https:\/\/wp.me\/p6RhLt-934","jetpack_sharing_enabled":true,"_links":{"self":[{"href":"https:\/\/eldiariodesanpedro.com.ar\/sitio\/wp-json\/wp\/v2\/posts\/34786","targetHints":{"allow":["GET"]}}],"collection":[{"href":"https:\/\/eldiariodesanpedro.com.ar\/sitio\/wp-json\/wp\/v2\/posts"}],"about":[{"href":"https:\/\/eldiariodesanpedro.com.ar\/sitio\/wp-json\/wp\/v2\/types\/post"}],"author":[{"embeddable":true,"href":"https:\/\/eldiariodesanpedro.com.ar\/sitio\/wp-json\/wp\/v2\/users\/4"}],"replies":[{"embeddable":true,"href":"https:\/\/eldiariodesanpedro.com.ar\/sitio\/wp-json\/wp\/v2\/comments?post=34786"}],"version-history":[{"count":1,"href":"https:\/\/eldiariodesanpedro.com.ar\/sitio\/wp-json\/wp\/v2\/posts\/34786\/revisions"}],"predecessor-version":[{"id":34789,"href":"https:\/\/eldiariodesanpedro.com.ar\/sitio\/wp-json\/wp\/v2\/posts\/34786\/revisions\/34789"}],"wp:featuredmedia":[{"embeddable":true,"href":"https:\/\/eldiariodesanpedro.com.ar\/sitio\/wp-json\/wp\/v2\/media\/34787"}],"wp:attachment":[{"href":"https:\/\/eldiariodesanpedro.com.ar\/sitio\/wp-json\/wp\/v2\/media?parent=34786"}],"wp:term":[{"taxonomy":"category","embeddable":true,"href":"https:\/\/eldiariodesanpedro.com.ar\/sitio\/wp-json\/wp\/v2\/categories?post=34786"},{"taxonomy":"post_tag","embeddable":true,"href":"https:\/\/eldiariodesanpedro.com.ar\/sitio\/wp-json\/wp\/v2\/tags?post=34786"}],"curies":[{"name":"wp","href":"https:\/\/api.w.org\/{rel}","templated":true}]}}