{"id":34781,"date":"2018-06-14T10:17:45","date_gmt":"2018-06-14T13:17:45","guid":{"rendered":"https:\/\/eldiariodesanpedro.com.ar\/sitio\/?p=34781"},"modified":"2018-06-14T10:17:45","modified_gmt":"2018-06-14T13:17:45","slug":"allanamiento-y-aprehension-a-un-hombre-de-31-anos","status":"publish","type":"post","link":"https:\/\/eldiariodesanpedro.com.ar\/sitio\/allanamiento-y-aprehension-a-un-hombre-de-31-anos\/","title":{"rendered":"Allanamiento y aprehensi\u00f3n a un hombre de 31 a\u00f1os"},"content":{"rendered":"<p><!-- VideographyWP Plugin Message: Automatic video embedding prevented by plugin options. --><br \/>\nEn relaci\u00f3n a una pelea callejera que se conoci\u00f3 este fin de semana se procedi\u00f3 a un allanamiento en el domicilio de uno de los agresores de dos ciudadanos que ingresaron con heridas graves de traumatismo de cr\u00e1neo a la guardia del hospital el pasado domingo. Se le secuestr\u00f3 una masa y una regla de alba\u00f1il.<\/p>\n<p>El hecho ocurri\u00f3 este fin de semana cuando dos hombres son agredidos f\u00edsicamente en una pelea callejera que como consecuencia terminan en la guardia del hospital con heridas graves de traumatismo de cr\u00e1neo.<\/p>\n<p>El mi\u00e9rcoles se procedi\u00f3 a realizar un allanamiento en la vivienda de quien ser\u00eda el autor de las lesiones, un hombre de 38 a\u00f1os domiciliado en calle Las Provincias entre Brennan y Casella, secuestrandose una masa y una regla de alba\u00f1il elementos con los que habr\u00eda realizado la agresi\u00f3n, el aprehendido fue trasladado a la localidad de San Nicol\u00e1s para comparecer frente a la fiscal\u00eda. <\/p>\n","protected":false},"excerpt":{"rendered":"<p>En relaci\u00f3n a una pelea callejera que se conoci\u00f3 este fin de semana se procedi\u00f3 a un allanamiento en el domicilio de uno de los agresores de dos ciudadanos que ingresaron con heridas graves de traumatismo de cr\u00e1neo a la guardia del hospital el pasado domingo. Se le secuestr\u00f3 una masa y una regla de [&hellip;]<\/p>\n","protected":false},"author":4,"featured_media":30195,"comment_status":"open","ping_status":"closed","sticky":false,"template":"","format":"standard","meta":{"om_disable_all_campaigns":false,"_jetpack_memberships_contains_paid_content":false,"footnotes":""},"categories":[2,103],"tags":[],"class_list":["post-34781","post","type-post","status-publish","format-standard","has-post-thumbnail","hentry","category-locales","category-policiales-locales"],"aioseo_notices":[],"gutentor_comment":0,"jetpack_featured_media_url":"https:\/\/eldiariodesanpedro.com.ar\/sitio\/wp-content\/uploads\/2018\/03\/Aprehendido-y-ofuscado.jpg","jetpack_shortlink":"https:\/\/wp.me\/p6RhLt-92Z","jetpack_sharing_enabled":true,"_links":{"self":[{"href":"https:\/\/eldiariodesanpedro.com.ar\/sitio\/wp-json\/wp\/v2\/posts\/34781","targetHints":{"allow":["GET"]}}],"collection":[{"href":"https:\/\/eldiariodesanpedro.com.ar\/sitio\/wp-json\/wp\/v2\/posts"}],"about":[{"href":"https:\/\/eldiariodesanpedro.com.ar\/sitio\/wp-json\/wp\/v2\/types\/post"}],"author":[{"embeddable":true,"href":"https:\/\/eldiariodesanpedro.com.ar\/sitio\/wp-json\/wp\/v2\/users\/4"}],"replies":[{"embeddable":true,"href":"https:\/\/eldiariodesanpedro.com.ar\/sitio\/wp-json\/wp\/v2\/comments?post=34781"}],"version-history":[{"count":1,"href":"https:\/\/eldiariodesanpedro.com.ar\/sitio\/wp-json\/wp\/v2\/posts\/34781\/revisions"}],"predecessor-version":[{"id":34782,"href":"https:\/\/eldiariodesanpedro.com.ar\/sitio\/wp-json\/wp\/v2\/posts\/34781\/revisions\/34782"}],"wp:featuredmedia":[{"embeddable":true,"href":"https:\/\/eldiariodesanpedro.com.ar\/sitio\/wp-json\/wp\/v2\/media\/30195"}],"wp:attachment":[{"href":"https:\/\/eldiariodesanpedro.com.ar\/sitio\/wp-json\/wp\/v2\/media?parent=34781"}],"wp:term":[{"taxonomy":"category","embeddable":true,"href":"https:\/\/eldiariodesanpedro.com.ar\/sitio\/wp-json\/wp\/v2\/categories?post=34781"},{"taxonomy":"post_tag","embeddable":true,"href":"https:\/\/eldiariodesanpedro.com.ar\/sitio\/wp-json\/wp\/v2\/tags?post=34781"}],"curies":[{"name":"wp","href":"https:\/\/api.w.org\/{rel}","templated":true}]}}