{"id":34778,"date":"2018-06-14T10:03:01","date_gmt":"2018-06-14T13:03:01","guid":{"rendered":"https:\/\/eldiariodesanpedro.com.ar\/sitio\/?p=34778"},"modified":"2026-01-23T23:20:21","modified_gmt":"2026-01-24T02:20:21","slug":"diputados-aprobo-el-aborto-legal-129-a-favor-125-en-contra-y-1-abstencion","status":"publish","type":"post","link":"https:\/\/eldiariodesanpedro.com.ar\/sitio\/diputados-aprobo-el-aborto-legal-129-a-favor-125-en-contra-y-1-abstencion\/","title":{"rendered":"Diputados aprob\u00f3 el aborto legal: 129 a favor, 125 en contra y 1 abstenci\u00f3n"},"content":{"rendered":"<p><!-- VideographyWP Plugin Message: Automatic video embedding prevented by plugin options. --><br \/>\nTres diputados peronistas pampeanos y un macrista de Tierra del Fuego inclinaron la balanza a \u00faltimo momento.<\/p>\n<p>La C\u00e1mara de Diputados de la Naci\u00f3n dio media sanci\u00f3n a la interrupci\u00f3n voluntaria del embarazo, a las 9:51 de la ma\u00f1ana de este jueves 14 de junio, por 131 votos a favor, 123 en contra y 1 abstenci\u00f3n.<\/p>\n<p>En un escenario cambiante y dram\u00e1tico, pasadas las 8 de la ma\u00f1ana de este jueves, el tuit de un diputado de La Pampa confirm\u00f3 el vuelco de la balanza, al contar que los tres diputados de esa provincia votar\u00edan a favor de la ley de aborto legal. A ellos se sumaron, tambi\u00e9n este d\u00eda, los macristas Gast\u00f3n Roma y H\u00e9ctor Stefani.<\/p>\n<p>El diputado peronista pampeano Sergio Ziliotto \u200fposte\u00f3 desde su cuenta @ZiliottoSergio que \u00abjunto a Melina Del\u00fa y Ariel Rauschenberger, los 3 diputados nacionales peronistas por La Pampa votaremos a FAVOR de la despenalizaci\u00f3n del aborto\u00bb.<\/p>\n<p>El escenario vari\u00f3 constantemente porque hacia la 1.30 de la madrugada hubo un firme esfuerzo por torcer el voto de al menos dos legisladores de Cambiemos anotados \u201cen contra\u201d del proyecto.<\/p>\n<p>\u201cVamos a acortar la lista de oradores, ya tienen la ley\u201d, contaron que le dijo a una diputada opositora, el titular de la C\u00e1mara, Emilio Monz\u00f3. Hubo una r\u00e1faga de euforia moderada entre los impulsores del proyecto de aborto seguro, ya que las cuentas no cerraron como para bajar oradores y apurar el tr\u00e1mite.<\/p>\n<p>\u201cSi no tenemos garant\u00eda total de ganarla no vamos a terminar el debate e ir a votar\u201d, advirtieron.<\/p>\n<p>La radical Karina Banfi dijo, ya en la ma\u00f1ana de este jueves, que le estaban pidiendo al diputado Gast\u00f3n Roma -del PRO Tierra del Fuego- que dejara el lote de \u00abindecisos\u00bb y votara a favor. Estas acciones mostraban un reconocimiento de que a\u00fan no les alcanzaban los votos para la aprobaci\u00f3n.<\/p>\n<p>Abajo en la cuenta, para los impulsores de la legalizaci\u00f3n del aborto, lograr ausencias se convirti\u00f3 en el aspecto clave. Trabajaban para que a la hora de votar, no est\u00e9n sentados en sus bancas uno o m\u00e1s diputados anotados en lista \u201cen contra\u201d de la iniciativa, o sumar en esas filas m\u00e1s abstenciones que le permitieran tomar la delantera.<\/p>\n<p>Fuente: Clarin<\/p>\n","protected":false},"excerpt":{"rendered":"<p>Tres diputados peronistas pampeanos y un macrista de Tierra del Fuego inclinaron la balanza a \u00faltimo momento. La C\u00e1mara de Diputados de la Naci\u00f3n dio media sanci\u00f3n a la interrupci\u00f3n voluntaria del embarazo, a las 9:51 de la ma\u00f1ana de este jueves 14 de junio, por 131 votos a favor, 123 en contra y 1 [&hellip;]<\/p>\n","protected":false},"author":4,"featured_media":34785,"comment_status":"open","ping_status":"closed","sticky":false,"template":"","format":"standard","meta":{"om_disable_all_campaigns":false,"_jetpack_memberships_contains_paid_content":false,"footnotes":""},"categories":[3],"tags":[],"class_list":["post-34778","post","type-post","status-publish","format-standard","has-post-thumbnail","hentry","category-nacionales"],"aioseo_notices":[],"gutentor_comment":0,"jetpack_featured_media_url":"https:\/\/eldiariodesanpedro.com.ar\/sitio\/wp-content\/uploads\/2018\/06\/20180528070035_.79b9216696cf85d5079efd692e352c16-17-770x470-1.jpg","jetpack_shortlink":"https:\/\/wp.me\/p6RhLt-92W","jetpack_sharing_enabled":true,"_links":{"self":[{"href":"https:\/\/eldiariodesanpedro.com.ar\/sitio\/wp-json\/wp\/v2\/posts\/34778","targetHints":{"allow":["GET"]}}],"collection":[{"href":"https:\/\/eldiariodesanpedro.com.ar\/sitio\/wp-json\/wp\/v2\/posts"}],"about":[{"href":"https:\/\/eldiariodesanpedro.com.ar\/sitio\/wp-json\/wp\/v2\/types\/post"}],"author":[{"embeddable":true,"href":"https:\/\/eldiariodesanpedro.com.ar\/sitio\/wp-json\/wp\/v2\/users\/4"}],"replies":[{"embeddable":true,"href":"https:\/\/eldiariodesanpedro.com.ar\/sitio\/wp-json\/wp\/v2\/comments?post=34778"}],"version-history":[{"count":1,"href":"https:\/\/eldiariodesanpedro.com.ar\/sitio\/wp-json\/wp\/v2\/posts\/34778\/revisions"}],"predecessor-version":[{"id":34780,"href":"https:\/\/eldiariodesanpedro.com.ar\/sitio\/wp-json\/wp\/v2\/posts\/34778\/revisions\/34780"}],"wp:featuredmedia":[{"embeddable":true,"href":"https:\/\/eldiariodesanpedro.com.ar\/sitio\/wp-json\/wp\/v2\/media\/34785"}],"wp:attachment":[{"href":"https:\/\/eldiariodesanpedro.com.ar\/sitio\/wp-json\/wp\/v2\/media?parent=34778"}],"wp:term":[{"taxonomy":"category","embeddable":true,"href":"https:\/\/eldiariodesanpedro.com.ar\/sitio\/wp-json\/wp\/v2\/categories?post=34778"},{"taxonomy":"post_tag","embeddable":true,"href":"https:\/\/eldiariodesanpedro.com.ar\/sitio\/wp-json\/wp\/v2\/tags?post=34778"}],"curies":[{"name":"wp","href":"https:\/\/api.w.org\/{rel}","templated":true}]}}