{"id":34776,"date":"2018-06-14T09:46:13","date_gmt":"2018-06-14T12:46:13","guid":{"rendered":"https:\/\/eldiariodesanpedro.com.ar\/sitio\/?p=34776"},"modified":"2018-06-14T09:46:13","modified_gmt":"2018-06-14T12:46:13","slug":"fue-agredido-con-un-candado-en-la-cabeza-por-otro-joven-menor","status":"publish","type":"post","link":"https:\/\/eldiariodesanpedro.com.ar\/sitio\/fue-agredido-con-un-candado-en-la-cabeza-por-otro-joven-menor\/","title":{"rendered":"Fue agredido con un candado en la cabeza por otro joven menor"},"content":{"rendered":"<p><!-- VideographyWP Plugin Message: Automatic video embedding prevented by plugin options. --><br \/>\nDos adolescentes discut\u00edan en la v\u00eda p\u00fablica hasta que uno le propina al otro un golpe con un candado en la cabeza provoc\u00e1ndole una lesi\u00f3n cortante en la parte superior del cr\u00e1neo.<\/p>\n<p>El d\u00eda mi\u00e9rcoles una mujer de 42 a\u00f1os de edad se acerca con su hijo de 16 a la dependencia local y realiza una denuncia en la que refiere que el joven menor se encontraba en inmediaciones de calle Mitre y Colon cuando entra en discusi\u00f3n con otro adolescente a quien conoce, este le propina un golpe en la cabeza con un candado de bicicleta provocando un corte superficial en la parte superior del cr\u00e1neo.<\/p>\n<p>Interviene UFI de Joven n\u00ba 01, caratula ep\u00edgrafe, recaudos legales.<\/p>\n","protected":false},"excerpt":{"rendered":"<p>Dos adolescentes discut\u00edan en la v\u00eda p\u00fablica hasta que uno le propina al otro un golpe con un candado en la cabeza provoc\u00e1ndole una lesi\u00f3n cortante en la parte superior del cr\u00e1neo. El d\u00eda mi\u00e9rcoles una mujer de 42 a\u00f1os de edad se acerca con su hijo de 16 a la dependencia local y realiza [&hellip;]<\/p>\n","protected":false},"author":4,"featured_media":16982,"comment_status":"open","ping_status":"closed","sticky":false,"template":"","format":"standard","meta":{"om_disable_all_campaigns":false,"_jetpack_memberships_contains_paid_content":false,"footnotes":""},"categories":[2,103],"tags":[],"class_list":["post-34776","post","type-post","status-publish","format-standard","has-post-thumbnail","hentry","category-locales","category-policiales-locales"],"aioseo_notices":[],"gutentor_comment":0,"jetpack_featured_media_url":"https:\/\/eldiariodesanpedro.com.ar\/sitio\/wp-content\/uploads\/2017\/04\/DSC_0215-e1492514874414.jpg","jetpack_shortlink":"https:\/\/wp.me\/p6RhLt-92U","jetpack_sharing_enabled":true,"_links":{"self":[{"href":"https:\/\/eldiariodesanpedro.com.ar\/sitio\/wp-json\/wp\/v2\/posts\/34776","targetHints":{"allow":["GET"]}}],"collection":[{"href":"https:\/\/eldiariodesanpedro.com.ar\/sitio\/wp-json\/wp\/v2\/posts"}],"about":[{"href":"https:\/\/eldiariodesanpedro.com.ar\/sitio\/wp-json\/wp\/v2\/types\/post"}],"author":[{"embeddable":true,"href":"https:\/\/eldiariodesanpedro.com.ar\/sitio\/wp-json\/wp\/v2\/users\/4"}],"replies":[{"embeddable":true,"href":"https:\/\/eldiariodesanpedro.com.ar\/sitio\/wp-json\/wp\/v2\/comments?post=34776"}],"version-history":[{"count":1,"href":"https:\/\/eldiariodesanpedro.com.ar\/sitio\/wp-json\/wp\/v2\/posts\/34776\/revisions"}],"predecessor-version":[{"id":34777,"href":"https:\/\/eldiariodesanpedro.com.ar\/sitio\/wp-json\/wp\/v2\/posts\/34776\/revisions\/34777"}],"wp:featuredmedia":[{"embeddable":true,"href":"https:\/\/eldiariodesanpedro.com.ar\/sitio\/wp-json\/wp\/v2\/media\/16982"}],"wp:attachment":[{"href":"https:\/\/eldiariodesanpedro.com.ar\/sitio\/wp-json\/wp\/v2\/media?parent=34776"}],"wp:term":[{"taxonomy":"category","embeddable":true,"href":"https:\/\/eldiariodesanpedro.com.ar\/sitio\/wp-json\/wp\/v2\/categories?post=34776"},{"taxonomy":"post_tag","embeddable":true,"href":"https:\/\/eldiariodesanpedro.com.ar\/sitio\/wp-json\/wp\/v2\/tags?post=34776"}],"curies":[{"name":"wp","href":"https:\/\/api.w.org\/{rel}","templated":true}]}}