{"id":34770,"date":"2018-06-13T21:07:25","date_gmt":"2018-06-14T00:07:25","guid":{"rendered":"https:\/\/eldiariodesanpedro.com.ar\/sitio\/?p=34770"},"modified":"2018-06-14T09:38:05","modified_gmt":"2018-06-14T12:38:05","slug":"ex-empleado-del-centro-de-monitoreo-condenado-a-cinco-anos-de-prision-domiciliaria","status":"publish","type":"post","link":"https:\/\/eldiariodesanpedro.com.ar\/sitio\/ex-empleado-del-centro-de-monitoreo-condenado-a-cinco-anos-de-prision-domiciliaria\/","title":{"rendered":"Ex empleado del Centro de Monitoreo condenado a cinco a\u00f1os de prisi\u00f3n domiciliaria"},"content":{"rendered":"<p><!-- VideographyWP Plugin Message: Automatic video embedding prevented by plugin options. --><br \/>\n\u00abSi comet\u00ed un error lo estoy pagando, no me parece justo tanto escrache\u00bb confes\u00f3 a El Diario de San Pedro el imputado, tras recibir la pena de cinco a\u00f1os de prisi\u00f3n domiciliaria debido a su condici\u00f3n de discapacitado.<\/p>\n<p>El empleado municipal que trabajaba en el Centro de Monitoreo y que luego fue trasladado a operar la telefon\u00eda del 107, fue condenado a cinco a\u00f1os de prisi\u00f3n por haber sido hallado responsable por el delito de dos robos perpetrados en la vecina localidad de Ramallo en enero del a\u00f1o 2015.<\/p>\n<p>Edgar Facundo David Casta\u00f1ares integraba una banda junto a dos peligrosos delincuentes, Walter D\u00edaz y Jorge Negrete, los tres aparecen como responsables de dos delitos muy violentos perpetrados, asaltaron a mano armada a dos familias.<\/p>\n<p>A Casta\u00f1ares se lo involucra por haber trasladado a los otros dos delincuentes en su auto marca Honda Civic para que realizaran los robos; fueron descubiertos por las c\u00e1maras de seguridad del municipio de Villa Ramallo, donde tambi\u00e9n se pueden apreciar en las im\u00e1genes a los delincuentes encapuchados y fuertemente armados antes de proceder al robo de una vivienda.<\/p>\n<p>D\u00edas despu\u00e9s, la polic\u00eda allan\u00f3 varios domicilios en nuestra ciudad incluyendo el de Casta\u00f1ares que fue donde encontraron los elementos probatorios: una carabina calibre 22, una escopeta calibre 36, cartuchos, dos relojes, tres celulares, cadenas de oro, numerosos electrodom\u00e9sticos que ser\u00edan producto de uno de los robos y, el autom\u00f3vil Honda Civic que pertenec\u00eda al imputado. <\/p>\n<p>El Dr. Hugo Lima, abogado del delincuente, firm\u00f3 un juicio abreviado la semana pasada tras dialogar con su cliente y reconocer su responsabilidad en el caso con una condena de cinco a\u00f1os de prisi\u00f3n domiciliaria. Se le otorg\u00f3 el beneficio de pasar la condena en su domicilio teniendo en cuenta su condici\u00f3n discapacidad y, que por lo tanto, no puede ser alojado en ninguna Unidad Penal. Adem\u00e1s, tambi\u00e9n que le permitir\u00e1n salidas laborales para que pueda continuar cumpliendo tareas como empleado municipal ya que el mismo no posee otro ingreso econ\u00f3mico.<\/p>\n<p>Nuestro medio pudo dialogar brevemente con el joven condenado y nos confesaba \u00absi no puedo cortar ni la comida no tengo muchas posibilidades de portar o manipular un arma, yo lo dejo a criterio de cada uno\u00bb. <\/p>\n<p>Tambi\u00e9n agreg\u00f3 \u00ablo \u00fanico que quiero es seguir trabajando como todos los d\u00edas, con lluvia, frio o calor; si comet\u00ed un error lo estoy pagando, no me parece justo tanto escrache\u00bb.<\/p>\n","protected":false},"excerpt":{"rendered":"<p>\u00abSi comet\u00ed un error lo estoy pagando, no me parece justo tanto escrache\u00bb confes\u00f3 a El Diario de San Pedro el imputado, tras recibir la pena de cinco a\u00f1os de prisi\u00f3n domiciliaria debido a su condici\u00f3n de discapacitado. El empleado municipal que trabajaba en el Centro de Monitoreo y que luego fue trasladado a operar [&hellip;]<\/p>\n","protected":false},"author":4,"featured_media":34772,"comment_status":"open","ping_status":"closed","sticky":false,"template":"","format":"standard","meta":{"om_disable_all_campaigns":false,"_jetpack_memberships_contains_paid_content":false,"footnotes":""},"categories":[101,2],"tags":[],"class_list":["post-34770","post","type-post","status-publish","format-standard","has-post-thumbnail","hentry","category-interes-general-locales","category-locales"],"aioseo_notices":[],"gutentor_comment":0,"jetpack_featured_media_url":"https:\/\/eldiariodesanpedro.com.ar\/sitio\/wp-content\/uploads\/2018\/06\/casta\u00f1ares.jpg","jetpack_shortlink":"https:\/\/wp.me\/p6RhLt-92O","jetpack_sharing_enabled":true,"_links":{"self":[{"href":"https:\/\/eldiariodesanpedro.com.ar\/sitio\/wp-json\/wp\/v2\/posts\/34770","targetHints":{"allow":["GET"]}}],"collection":[{"href":"https:\/\/eldiariodesanpedro.com.ar\/sitio\/wp-json\/wp\/v2\/posts"}],"about":[{"href":"https:\/\/eldiariodesanpedro.com.ar\/sitio\/wp-json\/wp\/v2\/types\/post"}],"author":[{"embeddable":true,"href":"https:\/\/eldiariodesanpedro.com.ar\/sitio\/wp-json\/wp\/v2\/users\/4"}],"replies":[{"embeddable":true,"href":"https:\/\/eldiariodesanpedro.com.ar\/sitio\/wp-json\/wp\/v2\/comments?post=34770"}],"version-history":[{"count":2,"href":"https:\/\/eldiariodesanpedro.com.ar\/sitio\/wp-json\/wp\/v2\/posts\/34770\/revisions"}],"predecessor-version":[{"id":34775,"href":"https:\/\/eldiariodesanpedro.com.ar\/sitio\/wp-json\/wp\/v2\/posts\/34770\/revisions\/34775"}],"wp:featuredmedia":[{"embeddable":true,"href":"https:\/\/eldiariodesanpedro.com.ar\/sitio\/wp-json\/wp\/v2\/media\/34772"}],"wp:attachment":[{"href":"https:\/\/eldiariodesanpedro.com.ar\/sitio\/wp-json\/wp\/v2\/media?parent=34770"}],"wp:term":[{"taxonomy":"category","embeddable":true,"href":"https:\/\/eldiariodesanpedro.com.ar\/sitio\/wp-json\/wp\/v2\/categories?post=34770"},{"taxonomy":"post_tag","embeddable":true,"href":"https:\/\/eldiariodesanpedro.com.ar\/sitio\/wp-json\/wp\/v2\/tags?post=34770"}],"curies":[{"name":"wp","href":"https:\/\/api.w.org\/{rel}","templated":true}]}}