{"id":3477,"date":"2016-04-20T21:49:28","date_gmt":"2016-04-21T00:49:28","guid":{"rendered":"https:\/\/eldiariodesanpedro.com.ar\/sitio\/?p=3477"},"modified":"2016-04-20T21:49:28","modified_gmt":"2016-04-21T00:49:28","slug":"una-empresa-comenzaria-hoy-a-realizar-las-tareas-de-reparacion-del-acceso-a-vuelta-de-obligado","status":"publish","type":"post","link":"https:\/\/eldiariodesanpedro.com.ar\/sitio\/una-empresa-comenzaria-hoy-a-realizar-las-tareas-de-reparacion-del-acceso-a-vuelta-de-obligado\/","title":{"rendered":"Una empresa comenzar\u00eda hoy a realizar las tareas de reparaci\u00f3n del acceso a Vuelta de Obligado"},"content":{"rendered":"<p><!-- VideographyWP Plugin Message: Automatic video embedding prevented by plugin options. --><br \/>\nLa situaci\u00f3n se gener\u00f3 en la tarde de ayer, al enterarse los vecinos de que el ej\u00e9rcito no vendr\u00e1 a la ciudad para colocar el puente Bailey, aunque no trascendieron los motivos del porqu\u00e9.<br \/>\nUn grupo de vecinos lleg\u00f3 hasta el lugar y dio a conocer su descontento ante lo que cre\u00edan era la mejor soluci\u00f3n. \u201cEstamos aislados, no hay vecinos que est\u00e9n cortando la ruta, la ruta la cort\u00f3 el r\u00edo. Nosotros lo \u00fanico que pedimos es la posibilidad de poder circular, nada m\u00e1s, ese es todo el problema\u201d, dijo una de las personas presente en el lugar.  Y seguidamente a\u00f1adi\u00f3: \u201cYo creo que ac\u00e1 lo fundamental es que la gente se ponga de acuerdo con las autoridades y tratar de dar una v\u00eda de soluci\u00f3n, que eso es lo m\u00e1s importante\u201d. \u201cYa los comercios pr\u00e1cticamente no tienen mercader\u00eda y los chicos est\u00e1n perdiendo el colegio\u201d, agreg\u00f3.<br \/>\nSin embargo, a partir de gestiones que se vienen realizando, en la jornada de ayer el secretario de Gobierno, Silvio Corti, explic\u00f3 a nuestro medio que la empresa que hab\u00eda ganado la licitaci\u00f3n para la reparaci\u00f3n de dicha alcantarilla aliviadora en el a\u00f1o 2014, y que no hab\u00eda hecho la obra por falta de fondos del Gobierno provincial, arribar\u00e1 hoy para concretar el ansiado arreglo.<br \/>\nEn el lugar, Hugo Borda, vecino y delegado, tambi\u00e9n asever\u00f3 en ese sentido: \u00abEl ej\u00e9rcito dio marcha atr\u00e1s con el puente y la empresa que gan\u00f3 la licitaci\u00f3n para hacer la alcantarilla nueva va a venir ma\u00f1ana (por hoy)\u00bb. \u201cPara empezar la obra, tienen que empezar un camino alternativo para poder trabajar tranquilos\u201d, manifest\u00f3.  <\/p>\n","protected":false},"excerpt":{"rendered":"<p>La situaci\u00f3n se gener\u00f3 en la tarde de ayer, al enterarse los vecinos de que el ej\u00e9rcito no vendr\u00e1 a la ciudad para colocar el puente Bailey, aunque no trascendieron los motivos del porqu\u00e9. Un grupo de vecinos lleg\u00f3 hasta el lugar y dio a conocer su descontento ante lo que cre\u00edan era la mejor [&hellip;]<\/p>\n","protected":false},"author":4,"featured_media":3478,"comment_status":"open","ping_status":"closed","sticky":false,"template":"","format":"standard","meta":{"om_disable_all_campaigns":false,"_jetpack_memberships_contains_paid_content":false,"footnotes":""},"categories":[50,101,2],"tags":[],"class_list":["post-3477","post","type-post","status-publish","format-standard","has-post-thumbnail","hentry","category-destacadas","category-interes-general-locales","category-locales"],"aioseo_notices":[],"gutentor_comment":0,"jetpack_featured_media_url":"https:\/\/eldiariodesanpedro.com.ar\/sitio\/wp-content\/uploads\/2016\/04\/NOTA-QUE-FALTA-PARA-LA-3.jpg","jetpack_shortlink":"https:\/\/wp.me\/p6RhLt-U5","jetpack_sharing_enabled":true,"_links":{"self":[{"href":"https:\/\/eldiariodesanpedro.com.ar\/sitio\/wp-json\/wp\/v2\/posts\/3477","targetHints":{"allow":["GET"]}}],"collection":[{"href":"https:\/\/eldiariodesanpedro.com.ar\/sitio\/wp-json\/wp\/v2\/posts"}],"about":[{"href":"https:\/\/eldiariodesanpedro.com.ar\/sitio\/wp-json\/wp\/v2\/types\/post"}],"author":[{"embeddable":true,"href":"https:\/\/eldiariodesanpedro.com.ar\/sitio\/wp-json\/wp\/v2\/users\/4"}],"replies":[{"embeddable":true,"href":"https:\/\/eldiariodesanpedro.com.ar\/sitio\/wp-json\/wp\/v2\/comments?post=3477"}],"version-history":[{"count":1,"href":"https:\/\/eldiariodesanpedro.com.ar\/sitio\/wp-json\/wp\/v2\/posts\/3477\/revisions"}],"predecessor-version":[{"id":3479,"href":"https:\/\/eldiariodesanpedro.com.ar\/sitio\/wp-json\/wp\/v2\/posts\/3477\/revisions\/3479"}],"wp:featuredmedia":[{"embeddable":true,"href":"https:\/\/eldiariodesanpedro.com.ar\/sitio\/wp-json\/wp\/v2\/media\/3478"}],"wp:attachment":[{"href":"https:\/\/eldiariodesanpedro.com.ar\/sitio\/wp-json\/wp\/v2\/media?parent=3477"}],"wp:term":[{"taxonomy":"category","embeddable":true,"href":"https:\/\/eldiariodesanpedro.com.ar\/sitio\/wp-json\/wp\/v2\/categories?post=3477"},{"taxonomy":"post_tag","embeddable":true,"href":"https:\/\/eldiariodesanpedro.com.ar\/sitio\/wp-json\/wp\/v2\/tags?post=3477"}],"curies":[{"name":"wp","href":"https:\/\/api.w.org\/{rel}","templated":true}]}}