{"id":34764,"date":"2018-06-13T20:36:46","date_gmt":"2018-06-13T23:36:46","guid":{"rendered":"https:\/\/eldiariodesanpedro.com.ar\/sitio\/?p=34764"},"modified":"2026-01-24T00:13:29","modified_gmt":"2026-01-24T03:13:29","slug":"atletismo-intensa-actividad-de-los-atletas-de-mitre","status":"publish","type":"post","link":"https:\/\/eldiariodesanpedro.com.ar\/sitio\/atletismo-intensa-actividad-de-los-atletas-de-mitre\/","title":{"rendered":"ATLETISMO Intensa actividad de los atletas de Mitre"},"content":{"rendered":"<p><!-- VideographyWP Plugin Message: Automatic video embedding prevented by plugin options. --><br \/>\n<strong>Media Marat\u00f3n de Rosario<\/strong><br \/>\n  El chubutense Joaqu\u00edn Arbe y la tandilense Mar\u00eda Luj\u00e1n Urrutia se adjudicaron, en sus respectivas categor\u00edas, los 21K New Balance de Rosario que se disput\u00f3 el pasado domingo con la organizaci\u00f3n y fiscalizaci\u00f3n de la Asociaci\u00f3n Rosarina de Atletismo. Arbe registr\u00f3 un tiempo de 1:05:53, superando por un segundo al entrerriano Mart\u00edn M\u00e9ndez y por cinco segundos al riojano Gustavo Frencia. En mujeres, Urrutia hizo un tiempo de 1:17:00, siendo escoltada en el podio por la capitalina Mariela Ort\u00edz (1:17:30) y la cordobesa Rosa Liliana Godoy (1:17:54). <\/p>\n<p>  Varios atletas del Club formaron parte de este importante evento: Marcelo Sacc\u00e1 (1h 30m 7s, Lucas L\u00f3pez (1h 47m 22s), Jorge D Andrea (1h 51m 26s) y Flavia De Vincenzi (1h 53m 10s) y Alberto Nouet (2h 37m 57s).<\/p>\n<p><strong>Duatl\u00f3n de Villa Elisa<\/strong><br \/>\n  Se disput\u00f3 la segunda fecha del Circuito Entrerriano de Duatl\u00f3n en la ciudad de Villa Elisa. El evento tuvo su sede en el Parque Termal y se organiz\u00f3 en las modalidades general (5k 40k 5k) y Sprint (5k 20k 2,5k). Gonzalo Acosta fue el ganador de la Clasificaci\u00f3n General con un tiempo de 1h 36m 8s mientras que en damas la ganadora fue Mar\u00eda Victoria Rivero con un tiempo de 1h 53m 25s. <\/p>\n<p>  Javier S\u00e1nchez, atleta de nuestra Instituci\u00f3n, particip\u00f3 en la modalidad Sprint y se ubic\u00f3 32\u00b0 en la general y 8\u00b0 en su categor\u00eda con un registro de 1h 11m. Los ganadores de esta prueba fueron Kevin Gim\u00e9nez (1h 10s) y Soledad Qui\u00f1onez (1h 11m 39s).<\/p>\n","protected":false},"excerpt":{"rendered":"<p>Media Marat\u00f3n de Rosario El chubutense Joaqu\u00edn Arbe y la tandilense Mar\u00eda Luj\u00e1n Urrutia se adjudicaron, en sus respectivas categor\u00edas, los 21K New Balance de Rosario que se disput\u00f3 el pasado domingo con la organizaci\u00f3n y fiscalizaci\u00f3n de la Asociaci\u00f3n Rosarina de Atletismo. Arbe registr\u00f3 un tiempo de 1:05:53, superando por un segundo al entrerriano [&hellip;]<\/p>\n","protected":false},"author":4,"featured_media":34765,"comment_status":"open","ping_status":"closed","sticky":false,"template":"","format":"standard","meta":{"om_disable_all_campaigns":false,"_jetpack_memberships_contains_paid_content":false,"footnotes":""},"categories":[5],"tags":[],"class_list":["post-34764","post","type-post","status-publish","format-standard","has-post-thumbnail","hentry","category-deportes"],"aioseo_notices":[],"gutentor_comment":0,"jetpack_featured_media_url":"https:\/\/eldiariodesanpedro.com.ar\/sitio\/wp-content\/uploads\/2018\/06\/Javier-S\u00e1nchez-.jpg","jetpack_shortlink":"https:\/\/wp.me\/p6RhLt-92I","jetpack_sharing_enabled":true,"_links":{"self":[{"href":"https:\/\/eldiariodesanpedro.com.ar\/sitio\/wp-json\/wp\/v2\/posts\/34764","targetHints":{"allow":["GET"]}}],"collection":[{"href":"https:\/\/eldiariodesanpedro.com.ar\/sitio\/wp-json\/wp\/v2\/posts"}],"about":[{"href":"https:\/\/eldiariodesanpedro.com.ar\/sitio\/wp-json\/wp\/v2\/types\/post"}],"author":[{"embeddable":true,"href":"https:\/\/eldiariodesanpedro.com.ar\/sitio\/wp-json\/wp\/v2\/users\/4"}],"replies":[{"embeddable":true,"href":"https:\/\/eldiariodesanpedro.com.ar\/sitio\/wp-json\/wp\/v2\/comments?post=34764"}],"version-history":[{"count":1,"href":"https:\/\/eldiariodesanpedro.com.ar\/sitio\/wp-json\/wp\/v2\/posts\/34764\/revisions"}],"predecessor-version":[{"id":34767,"href":"https:\/\/eldiariodesanpedro.com.ar\/sitio\/wp-json\/wp\/v2\/posts\/34764\/revisions\/34767"}],"wp:featuredmedia":[{"embeddable":true,"href":"https:\/\/eldiariodesanpedro.com.ar\/sitio\/wp-json\/wp\/v2\/media\/34765"}],"wp:attachment":[{"href":"https:\/\/eldiariodesanpedro.com.ar\/sitio\/wp-json\/wp\/v2\/media?parent=34764"}],"wp:term":[{"taxonomy":"category","embeddable":true,"href":"https:\/\/eldiariodesanpedro.com.ar\/sitio\/wp-json\/wp\/v2\/categories?post=34764"},{"taxonomy":"post_tag","embeddable":true,"href":"https:\/\/eldiariodesanpedro.com.ar\/sitio\/wp-json\/wp\/v2\/tags?post=34764"}],"curies":[{"name":"wp","href":"https:\/\/api.w.org\/{rel}","templated":true}]}}