{"id":34748,"date":"2018-06-13T20:26:34","date_gmt":"2018-06-13T23:26:34","guid":{"rendered":"https:\/\/eldiariodesanpedro.com.ar\/sitio\/?p=34748"},"modified":"2026-01-24T00:13:29","modified_gmt":"2026-01-24T03:13:29","slug":"natacion-se-lleva-a-cabo-el-campeonato-republica-de-natacion-con-varios-nadadores-locales","status":"publish","type":"post","link":"https:\/\/eldiariodesanpedro.com.ar\/sitio\/natacion-se-lleva-a-cabo-el-campeonato-republica-de-natacion-con-varios-nadadores-locales\/","title":{"rendered":"NATACI\u00d3N: Se lleva a cabo el Campeonato Rep\u00fablica de Nataci\u00f3n con varios nadadores locales"},"content":{"rendered":"<p><!-- VideographyWP Plugin Message: Automatic video embedding prevented by plugin options. --><br \/>\n  Las delegaciones del Club Pescadores y Club N\u00e1utico San Pedro ya est\u00e1n en plena competencia en el Campeonato Rep\u00fablica de Nataci\u00f3n de la categor\u00eda Cadetes Federados, que se lleva a cabo desde ayer y es selectivo para Mococa, Brasil.<\/p>\n<p>  El certamen se disputa en el natatorio Ol\u00edmpico del EMDER, \u201cAlberto Zorrilla\u201d, ubicado dentro del Parque Municipal de Deportes de Mar del Plata.<\/p>\n<p>  Junto a los entrenadores Prof. Sebasti\u00e1n Est\u00e9vez (Pescadores) y Sebasti\u00e1n Graff (N\u00e1utico) y delegados, la importante delegaci\u00f3n de deportistas, todos en la foto.<\/p>\n<p><img decoding=\"async\" data-attachment-id=\"34755\" data-permalink=\"https:\/\/eldiariodesanpedro.com.ar\/sitio\/natacion-se-lleva-a-cabo-el-campeonato-republica-de-natacion-con-varios-nadadores-locales\/club-nautico\/\" data-orig-file=\"https:\/\/eldiariodesanpedro.com.ar\/sitio\/wp-content\/uploads\/2018\/06\/Club-N\u00e1utico.jpg\" data-orig-size=\"960,540\" data-comments-opened=\"1\" data-image-meta=\"{&quot;aperture&quot;:&quot;0&quot;,&quot;credit&quot;:&quot;&quot;,&quot;camera&quot;:&quot;&quot;,&quot;caption&quot;:&quot;&quot;,&quot;created_timestamp&quot;:&quot;0&quot;,&quot;copyright&quot;:&quot;&quot;,&quot;focal_length&quot;:&quot;0&quot;,&quot;iso&quot;:&quot;0&quot;,&quot;shutter_speed&quot;:&quot;0&quot;,&quot;title&quot;:&quot;&quot;,&quot;orientation&quot;:&quot;0&quot;}\" data-image-title=\"Club N\u00e1utico\" data-image-description=\"\" data-image-caption=\"\" data-large-file=\"https:\/\/eldiariodesanpedro.com.ar\/sitio\/wp-content\/uploads\/2018\/06\/Club-N\u00e1utico.jpg\" data-src=\"https:\/\/eldiariodesanpedro.com.ar\/sitio\/wp-content\/uploads\/2018\/06\/Club-N\u00e1utico.jpg\" alt=\"\" width=\"960\" height=\"540\" class=\"alignnone size-full wp-image-34755 lazyload\" data-srcset=\"https:\/\/eldiariodesanpedro.com.ar\/sitio\/wp-content\/uploads\/2018\/06\/Club-N\u00e1utico.jpg 960w, https:\/\/eldiariodesanpedro.com.ar\/sitio\/wp-content\/uploads\/2018\/06\/Club-N\u00e1utico-300x169.jpg 300w, https:\/\/eldiariodesanpedro.com.ar\/sitio\/wp-content\/uploads\/2018\/06\/Club-N\u00e1utico-768x432.jpg 768w\" data-sizes=\"(max-width: 960px) 100vw, 960px\" src=\"data:image\/svg+xml;base64,PHN2ZyB3aWR0aD0iMSIgaGVpZ2h0PSIxIiB4bWxucz0iaHR0cDovL3d3dy53My5vcmcvMjAwMC9zdmciPjwvc3ZnPg==\" style=\"--smush-placeholder-width: 960px; --smush-placeholder-aspect-ratio: 960\/540;\" \/><\/p>\n","protected":false},"excerpt":{"rendered":"<p>Las delegaciones del Club Pescadores y Club N\u00e1utico San Pedro ya est\u00e1n en plena competencia en el Campeonato Rep\u00fablica de Nataci\u00f3n de la categor\u00eda Cadetes Federados, que se lleva a cabo desde ayer y es selectivo para Mococa, Brasil. El certamen se disputa en el natatorio Ol\u00edmpico del EMDER, \u201cAlberto Zorrilla\u201d, ubicado dentro del Parque [&hellip;]<\/p>\n","protected":false},"author":4,"featured_media":34752,"comment_status":"open","ping_status":"closed","sticky":false,"template":"","format":"standard","meta":{"om_disable_all_campaigns":false,"_jetpack_memberships_contains_paid_content":false,"footnotes":""},"categories":[5],"tags":[],"class_list":["post-34748","post","type-post","status-publish","format-standard","has-post-thumbnail","hentry","category-deportes"],"aioseo_notices":[],"gutentor_comment":0,"jetpack_featured_media_url":"https:\/\/eldiariodesanpedro.com.ar\/sitio\/wp-content\/uploads\/2018\/06\/Club-de-Pescadores.jpg","jetpack_shortlink":"https:\/\/wp.me\/p6RhLt-92s","jetpack_sharing_enabled":true,"_links":{"self":[{"href":"https:\/\/eldiariodesanpedro.com.ar\/sitio\/wp-json\/wp\/v2\/posts\/34748","targetHints":{"allow":["GET"]}}],"collection":[{"href":"https:\/\/eldiariodesanpedro.com.ar\/sitio\/wp-json\/wp\/v2\/posts"}],"about":[{"href":"https:\/\/eldiariodesanpedro.com.ar\/sitio\/wp-json\/wp\/v2\/types\/post"}],"author":[{"embeddable":true,"href":"https:\/\/eldiariodesanpedro.com.ar\/sitio\/wp-json\/wp\/v2\/users\/4"}],"replies":[{"embeddable":true,"href":"https:\/\/eldiariodesanpedro.com.ar\/sitio\/wp-json\/wp\/v2\/comments?post=34748"}],"version-history":[{"count":1,"href":"https:\/\/eldiariodesanpedro.com.ar\/sitio\/wp-json\/wp\/v2\/posts\/34748\/revisions"}],"predecessor-version":[{"id":34758,"href":"https:\/\/eldiariodesanpedro.com.ar\/sitio\/wp-json\/wp\/v2\/posts\/34748\/revisions\/34758"}],"wp:featuredmedia":[{"embeddable":true,"href":"https:\/\/eldiariodesanpedro.com.ar\/sitio\/wp-json\/wp\/v2\/media\/34752"}],"wp:attachment":[{"href":"https:\/\/eldiariodesanpedro.com.ar\/sitio\/wp-json\/wp\/v2\/media?parent=34748"}],"wp:term":[{"taxonomy":"category","embeddable":true,"href":"https:\/\/eldiariodesanpedro.com.ar\/sitio\/wp-json\/wp\/v2\/categories?post=34748"},{"taxonomy":"post_tag","embeddable":true,"href":"https:\/\/eldiariodesanpedro.com.ar\/sitio\/wp-json\/wp\/v2\/tags?post=34748"}],"curies":[{"name":"wp","href":"https:\/\/api.w.org\/{rel}","templated":true}]}}