{"id":3474,"date":"2016-04-20T20:42:57","date_gmt":"2016-04-20T23:42:57","guid":{"rendered":"https:\/\/eldiariodesanpedro.com.ar\/sitio\/?p=3474"},"modified":"2016-04-20T20:42:57","modified_gmt":"2016-04-20T23:42:57","slug":"las-obras-del-ala-de-pediatria-del-hospital-podrian-culminar-a-fin-de-ano","status":"publish","type":"post","link":"https:\/\/eldiariodesanpedro.com.ar\/sitio\/las-obras-del-ala-de-pediatria-del-hospital-podrian-culminar-a-fin-de-ano\/","title":{"rendered":"Las obras del ala de pediatr\u00eda del hospital podr\u00edan culminar a fin de a\u00f1o"},"content":{"rendered":"<p><!-- VideographyWP Plugin Message: Automatic video embedding prevented by plugin options. --><br \/>\nDurante a\u00f1os el avance de la construcci\u00f3n de ese sector del hospital estuvo parado como consecuencia de la falta de recursos y de gestiones para conseguirlos. Sin embargo, hace tiempo gracias a integrantes de la Cooperadora del Hospital y de Red Solidaria, junto con el acompa\u00f1amiento de la actual gesti\u00f3n, de a poco la iniciativa avanza.<br \/>\n\u201cEstamos muy entusiasmados con el proyecto de la culminaci\u00f3n de la sala de pediatr\u00eda, son 11 habitaciones que contaremos con 22 camas accesorias a las ya existentes en ese sector\u201d, asegur\u00f3 el Secretario de Salud, Dr. Edgar Britos.<br \/>\n\u201cSi bien las obras est\u00e1n en un 50% de ejecuci\u00f3n, tenemos una muy buena proyecci\u00f3n y todas las intenciones de poder culminarlas este a\u00f1o\u201d, asever\u00f3.<br \/>\nEn ese sentido afirm\u00f3: \u201cEst\u00e1n colaborando mucho la gente de Cooperadora y de Red Solidaria, que son las promotoras de la continuaci\u00f3n de estas obras y nosotros con obras p\u00fablicas le estamos dando asesoramiento t\u00e9cnico\u201d.<br \/>\nSeguidamente, se\u00f1al\u00f3: \u201cEl proyecto por suerte ha tenido avances significativos en este momento nos encontramos en la culminaci\u00f3n la parte de instalaci\u00f3n el\u00e9ctrica y vamos a continuar con la parte de ca\u00f1er\u00eda y de plomer\u00eda que est\u00e1 autorizado a trav\u00e9s del fondo sojero la asignaci\u00f3n de los recursos para tal fin, creo que ascienden a 150 mil pesos\u201d.<br \/>\n\u201cTenemos que mencionar que mucha gente por suerte que se ha involucrado y ha participado con donaciones para tener fondos para realizar esta obra\u201d. Y sobre ello, agreg\u00f3: \u201cNos han donado toda la parte de durlock para todo el cielo raso \u00edntegro para toda la obra, la gente de Coco Maderas e incluso se han ofrecido para hacer la mano de obra para realizar el cerramiento de esa estructura, que son muchos metros cuadrados, son 11 habitaciones de dos camas cada uno\u201d. Tambi\u00e9n la \u201cCooperadora y red solidaria han conseguido que FB nos donara toda la griferia para los sanitarios\u201d. <\/p>\n","protected":false},"excerpt":{"rendered":"<p>Durante a\u00f1os el avance de la construcci\u00f3n de ese sector del hospital estuvo parado como consecuencia de la falta de recursos y de gestiones para conseguirlos. Sin embargo, hace tiempo gracias a integrantes de la Cooperadora del Hospital y de Red Solidaria, junto con el acompa\u00f1amiento de la actual gesti\u00f3n, de a poco la iniciativa [&hellip;]<\/p>\n","protected":false},"author":4,"featured_media":3475,"comment_status":"open","ping_status":"closed","sticky":false,"template":"","format":"standard","meta":{"om_disable_all_campaigns":false,"_jetpack_memberships_contains_paid_content":false,"footnotes":""},"categories":[101,2],"tags":[],"class_list":["post-3474","post","type-post","status-publish","format-standard","has-post-thumbnail","hentry","category-interes-general-locales","category-locales"],"aioseo_notices":[],"gutentor_comment":0,"jetpack_featured_media_url":"https:\/\/eldiariodesanpedro.com.ar\/sitio\/wp-content\/uploads\/2016\/04\/P1240485.jpg","jetpack_shortlink":"https:\/\/wp.me\/p6RhLt-U2","jetpack_sharing_enabled":true,"_links":{"self":[{"href":"https:\/\/eldiariodesanpedro.com.ar\/sitio\/wp-json\/wp\/v2\/posts\/3474","targetHints":{"allow":["GET"]}}],"collection":[{"href":"https:\/\/eldiariodesanpedro.com.ar\/sitio\/wp-json\/wp\/v2\/posts"}],"about":[{"href":"https:\/\/eldiariodesanpedro.com.ar\/sitio\/wp-json\/wp\/v2\/types\/post"}],"author":[{"embeddable":true,"href":"https:\/\/eldiariodesanpedro.com.ar\/sitio\/wp-json\/wp\/v2\/users\/4"}],"replies":[{"embeddable":true,"href":"https:\/\/eldiariodesanpedro.com.ar\/sitio\/wp-json\/wp\/v2\/comments?post=3474"}],"version-history":[{"count":1,"href":"https:\/\/eldiariodesanpedro.com.ar\/sitio\/wp-json\/wp\/v2\/posts\/3474\/revisions"}],"predecessor-version":[{"id":3476,"href":"https:\/\/eldiariodesanpedro.com.ar\/sitio\/wp-json\/wp\/v2\/posts\/3474\/revisions\/3476"}],"wp:featuredmedia":[{"embeddable":true,"href":"https:\/\/eldiariodesanpedro.com.ar\/sitio\/wp-json\/wp\/v2\/media\/3475"}],"wp:attachment":[{"href":"https:\/\/eldiariodesanpedro.com.ar\/sitio\/wp-json\/wp\/v2\/media?parent=3474"}],"wp:term":[{"taxonomy":"category","embeddable":true,"href":"https:\/\/eldiariodesanpedro.com.ar\/sitio\/wp-json\/wp\/v2\/categories?post=3474"},{"taxonomy":"post_tag","embeddable":true,"href":"https:\/\/eldiariodesanpedro.com.ar\/sitio\/wp-json\/wp\/v2\/tags?post=3474"}],"curies":[{"name":"wp","href":"https:\/\/api.w.org\/{rel}","templated":true}]}}