{"id":34739,"date":"2018-06-13T20:20:30","date_gmt":"2018-06-13T23:20:30","guid":{"rendered":"https:\/\/eldiariodesanpedro.com.ar\/sitio\/?p=34739"},"modified":"2018-06-13T20:20:30","modified_gmt":"2018-06-13T23:20:30","slug":"por-el-paro-de-camioneros-ashira-modifica-sus-recorridas","status":"publish","type":"post","link":"https:\/\/eldiariodesanpedro.com.ar\/sitio\/por-el-paro-de-camioneros-ashira-modifica-sus-recorridas\/","title":{"rendered":"Por el paro de Camioneros Ashira modifica sus recorridas"},"content":{"rendered":"<p><!-- VideographyWP Plugin Message: Automatic video embedding prevented by plugin options. --><br \/>\nLa recolecci\u00f3n de residuos que diariamente realiza la empresa Ashira sufrir\u00e1 modificaciones debido al paro del gremio Camioneros.<\/p>\n<p>  Con el objetivo de resentir lo menos posible el servicio ante la medida de fuerza aplicada por el gremio de camioneros, la empresa Ashira dio a conocer c\u00f3mo ser\u00e1 su operatoria para las pr\u00f3ximas horas. <\/p>\n<p>  La recolecci\u00f3n habitual de los d\u00edas mi\u00e9rcoles por la noche no se efectuar\u00e1 y s\u00ed se realizar\u00e1 el jueves en el mismo sector y horario.<\/p>\n<p>  El sector al que le correspond\u00eda la recolecci\u00f3n el jueves no sufrir\u00e1 modificaciones y se efectuar\u00e1 en forma normal, mientras que la recolecci\u00f3n diurna se realizar\u00e1 el d\u00eda s\u00e1bado. <\/p>\n<p>Fuente: San Pedro Informa <\/p>\n","protected":false},"excerpt":{"rendered":"<p>La recolecci\u00f3n de residuos que diariamente realiza la empresa Ashira sufrir\u00e1 modificaciones debido al paro del gremio Camioneros. Con el objetivo de resentir lo menos posible el servicio ante la medida de fuerza aplicada por el gremio de camioneros, la empresa Ashira dio a conocer c\u00f3mo ser\u00e1 su operatoria para las pr\u00f3ximas horas. La recolecci\u00f3n [&hellip;]<\/p>\n","protected":false},"author":4,"featured_media":29418,"comment_status":"open","ping_status":"closed","sticky":false,"template":"","format":"standard","meta":{"om_disable_all_campaigns":false,"_jetpack_memberships_contains_paid_content":false,"footnotes":""},"categories":[101,2],"tags":[],"class_list":["post-34739","post","type-post","status-publish","format-standard","has-post-thumbnail","hentry","category-interes-general-locales","category-locales"],"aioseo_notices":[],"gutentor_comment":0,"jetpack_featured_media_url":"https:\/\/eldiariodesanpedro.com.ar\/sitio\/wp-content\/uploads\/2018\/02\/Servicio-de-Ashira-suspendido-por-el-paro.jpg","jetpack_shortlink":"https:\/\/wp.me\/p6RhLt-92j","jetpack_sharing_enabled":true,"_links":{"self":[{"href":"https:\/\/eldiariodesanpedro.com.ar\/sitio\/wp-json\/wp\/v2\/posts\/34739","targetHints":{"allow":["GET"]}}],"collection":[{"href":"https:\/\/eldiariodesanpedro.com.ar\/sitio\/wp-json\/wp\/v2\/posts"}],"about":[{"href":"https:\/\/eldiariodesanpedro.com.ar\/sitio\/wp-json\/wp\/v2\/types\/post"}],"author":[{"embeddable":true,"href":"https:\/\/eldiariodesanpedro.com.ar\/sitio\/wp-json\/wp\/v2\/users\/4"}],"replies":[{"embeddable":true,"href":"https:\/\/eldiariodesanpedro.com.ar\/sitio\/wp-json\/wp\/v2\/comments?post=34739"}],"version-history":[{"count":2,"href":"https:\/\/eldiariodesanpedro.com.ar\/sitio\/wp-json\/wp\/v2\/posts\/34739\/revisions"}],"predecessor-version":[{"id":34746,"href":"https:\/\/eldiariodesanpedro.com.ar\/sitio\/wp-json\/wp\/v2\/posts\/34739\/revisions\/34746"}],"wp:featuredmedia":[{"embeddable":true,"href":"https:\/\/eldiariodesanpedro.com.ar\/sitio\/wp-json\/wp\/v2\/media\/29418"}],"wp:attachment":[{"href":"https:\/\/eldiariodesanpedro.com.ar\/sitio\/wp-json\/wp\/v2\/media?parent=34739"}],"wp:term":[{"taxonomy":"category","embeddable":true,"href":"https:\/\/eldiariodesanpedro.com.ar\/sitio\/wp-json\/wp\/v2\/categories?post=34739"},{"taxonomy":"post_tag","embeddable":true,"href":"https:\/\/eldiariodesanpedro.com.ar\/sitio\/wp-json\/wp\/v2\/tags?post=34739"}],"curies":[{"name":"wp","href":"https:\/\/api.w.org\/{rel}","templated":true}]}}