{"id":34737,"date":"2018-06-13T20:12:56","date_gmt":"2018-06-13T23:12:56","guid":{"rendered":"https:\/\/eldiariodesanpedro.com.ar\/sitio\/?p=34737"},"modified":"2018-06-13T20:14:56","modified_gmt":"2018-06-13T23:14:56","slug":"investigan-un-caso-de-abuso-en-una-nena-de-9-anos","status":"publish","type":"post","link":"https:\/\/eldiariodesanpedro.com.ar\/sitio\/investigan-un-caso-de-abuso-en-una-nena-de-9-anos\/","title":{"rendered":"Investigan un caso de abuso en una nena de 9 a\u00f1os"},"content":{"rendered":"<p><!-- VideographyWP Plugin Message: Automatic video embedding prevented by plugin options. --><br \/>\nEn la ma\u00f1ana de este mi\u00e9rcoles se conoci\u00f3 el lamentable hecho donde una ni\u00f1a de nueve a\u00f1os habr\u00eda sido abusada, la denuncia fue realizada por el propio director del nosocomio local en la Comisar\u00eda de la Mujer y la Familia.<\/p>\n<p>Todo comenz\u00f3 cuando en la guardia de pediatr\u00eda del hospital Emilio Ruffa este lunes por la ma\u00f1ana se present\u00f3 la madre y la ni\u00f1a por un fuerte dolor al que desde un principio se pens\u00f3 que seria una infeccion urinaria, por lo que fue revisada por los doctores detectando que el dolor proven\u00eda de una enfermedad de transmisi\u00f3n sexual lo que r\u00e1pidamente alert\u00f3 la situaci\u00f3n.<\/p>\n<p>El propio Director del establecimiento, el Dr. Javier Sualdea, fue advertido de esta situaci\u00f3n por lo que r\u00e1pidamente acudieron a la Comisar\u00eda de la Mujer y la Familia para radicar la denuncia para que tomara intervenci\u00f3n el medico de la policia y realizar los estudios necesarios.<\/p>\n<p>Seg\u00fan pudimos dialogar con el Dr. Sualdea la \u00fanica manera que una ni\u00f1a de esa edad pudiera contraer una enfermedad de transmisi\u00f3n sexual es siendo abusada, pero hasta el momento no se pudo constatar que hubiera habido acceso carnal. <\/p>\n<p>El aberrante hecho esta siendo investigado por la Fiscal\u00eda N\u00ba 11 quienes no descartar que el abuso se halla origina en el seno familiar y como en primer medida es extraer a la ni\u00f1a junto a su hermanito de 12 a\u00f1os de su domicilio para llevarlo a un lugar donde puedan recibir la contenci\u00f3n necesaria.<\/p>\n<p>Lo que sorprendi\u00f3 al director del nosocomio local es que la madre al principio se accedi\u00f3 a realizar la denuncia pero despu\u00e9s se neg\u00f3 completamente. Segun pudimos dialogar con la fiscal\u00eda explicaron que la madre se neg\u00f3 a realizar la denuncia por que creyo que para realizar la denuncia deber\u00eda de saber quien fue el que realizo este aberrante hecho por lo que se le explico que no era necesario. <\/p>\n<p>La causa recay\u00f3 en la Fiscal\u00eda 11 de la Dra. Viviana Ramos.<\/p>\n<p><iframe data-src=\"https:\/\/www.facebook.com\/plugins\/video.php?href=https%3A%2F%2Fwww.facebook.com%2Feldiario.desanpedro%2Fvideos%2F782015465340928%2F&#038;show_text=0&#038;width=560\" width=\"560\" height=\"315\" style=\"border:none;overflow:hidden\" scrolling=\"no\" frameborder=\"0\" allowTransparency=\"true\" allowFullScreen=\"true\" src=\"data:image\/svg+xml;base64,PHN2ZyB3aWR0aD0iMSIgaGVpZ2h0PSIxIiB4bWxucz0iaHR0cDovL3d3dy53My5vcmcvMjAwMC9zdmciPjwvc3ZnPg==\" class=\"lazyload\" data-load-mode=\"1\"><\/iframe><\/p>\n","protected":false},"excerpt":{"rendered":"<p>En la ma\u00f1ana de este mi\u00e9rcoles se conoci\u00f3 el lamentable hecho donde una ni\u00f1a de nueve a\u00f1os habr\u00eda sido abusada, la denuncia fue realizada por el propio director del nosocomio local en la Comisar\u00eda de la Mujer y la Familia. Todo comenz\u00f3 cuando en la guardia de pediatr\u00eda del hospital Emilio Ruffa este lunes por [&hellip;]<\/p>\n","protected":false},"author":4,"featured_media":7633,"comment_status":"open","ping_status":"closed","sticky":false,"template":"","format":"standard","meta":{"om_disable_all_campaigns":false,"_jetpack_memberships_contains_paid_content":false,"footnotes":""},"categories":[50,2,103],"tags":[],"class_list":["post-34737","post","type-post","status-publish","format-standard","has-post-thumbnail","hentry","category-destacadas","category-locales","category-policiales-locales"],"aioseo_notices":[],"gutentor_comment":0,"jetpack_featured_media_url":"https:\/\/eldiariodesanpedro.com.ar\/sitio\/wp-content\/uploads\/2016\/08\/hospital-policia.jpg","jetpack_shortlink":"https:\/\/wp.me\/p6RhLt-92h","jetpack_sharing_enabled":true,"_links":{"self":[{"href":"https:\/\/eldiariodesanpedro.com.ar\/sitio\/wp-json\/wp\/v2\/posts\/34737","targetHints":{"allow":["GET"]}}],"collection":[{"href":"https:\/\/eldiariodesanpedro.com.ar\/sitio\/wp-json\/wp\/v2\/posts"}],"about":[{"href":"https:\/\/eldiariodesanpedro.com.ar\/sitio\/wp-json\/wp\/v2\/types\/post"}],"author":[{"embeddable":true,"href":"https:\/\/eldiariodesanpedro.com.ar\/sitio\/wp-json\/wp\/v2\/users\/4"}],"replies":[{"embeddable":true,"href":"https:\/\/eldiariodesanpedro.com.ar\/sitio\/wp-json\/wp\/v2\/comments?post=34737"}],"version-history":[{"count":3,"href":"https:\/\/eldiariodesanpedro.com.ar\/sitio\/wp-json\/wp\/v2\/posts\/34737\/revisions"}],"predecessor-version":[{"id":34742,"href":"https:\/\/eldiariodesanpedro.com.ar\/sitio\/wp-json\/wp\/v2\/posts\/34737\/revisions\/34742"}],"wp:featuredmedia":[{"embeddable":true,"href":"https:\/\/eldiariodesanpedro.com.ar\/sitio\/wp-json\/wp\/v2\/media\/7633"}],"wp:attachment":[{"href":"https:\/\/eldiariodesanpedro.com.ar\/sitio\/wp-json\/wp\/v2\/media?parent=34737"}],"wp:term":[{"taxonomy":"category","embeddable":true,"href":"https:\/\/eldiariodesanpedro.com.ar\/sitio\/wp-json\/wp\/v2\/categories?post=34737"},{"taxonomy":"post_tag","embeddable":true,"href":"https:\/\/eldiariodesanpedro.com.ar\/sitio\/wp-json\/wp\/v2\/tags?post=34737"}],"curies":[{"name":"wp","href":"https:\/\/api.w.org\/{rel}","templated":true}]}}