{"id":34729,"date":"2018-06-13T19:51:53","date_gmt":"2018-06-13T22:51:53","guid":{"rendered":"https:\/\/eldiariodesanpedro.com.ar\/sitio\/?p=34729"},"modified":"2018-06-13T19:51:53","modified_gmt":"2018-06-13T22:51:53","slug":"recicladores-del-basural-reclamaron-frente-a-la-municipalidad","status":"publish","type":"post","link":"https:\/\/eldiariodesanpedro.com.ar\/sitio\/recicladores-del-basural-reclamaron-frente-a-la-municipalidad\/","title":{"rendered":"Recicladores del basural reclamaron frente a la Municipalidad"},"content":{"rendered":"<p><!-- VideographyWP Plugin Message: Automatic video embedding prevented by plugin options. --><br \/>\nSe realiz\u00f3 una protesta en frente de la Municipalidad de San Pedro que fue encabezada por el Movimiento de Trabajadores Excluidos (MTE) de la localidad de San Nicol\u00e1s junto a vecinos del Barrio La Tosquera quiene se dedican al trabajo de recuperaci\u00f3n de residuos en el basural local.<br \/>\nEste movimiento es la tercera vez que realiza este tipo de reclamo en nuestra ciudad, en esta ocasi\u00f3n se presentaron para exigir que se cumpla con el compromiso pactado el pasado abril cuando luego de presentarse dentro del palacio municipal fueron recibidos por Silvio Corti quien firmo un acuerdo el cual incumplieron.<\/p>\n<p>Este mi\u00e9rcoles alrededor de las 09:30 hs se presentaron en las puertas del Palacio Municipal ubicado en calle Pellegrini un grupo de manifestantes encabezado por el MTE y ciudadanos que se dedican a la recuperaci\u00f3n de residuos la mayor\u00eda de ellos residentes en del Barrio La Tosquera quienes hace un mes y medio atr\u00e1s estuvieron reclamando en la municipalidad siendo recibidos por Silvio Corti quien se comprometi\u00f3 firmando un documento de ocuparse del reclamo de estos ciudadanos. <\/p>\n<p>Desde la Federaci\u00f3n de Cartoneros, Carreros y Recicladores, cuya cara visible en el reclamo es Gerardo Varela, aseguraron que el gobierno no cumpli\u00f3 con los compromisos firmados en abril. Por su parte, desde el Municipio sostienen que s\u00ed lo est\u00e1n haciendo, pero \u00abdirectamente con la gente\u00bb, sin que la asistencia sea a trav\u00e9s de esa organizaci\u00f3n.<\/p>\n<p>El reclamo esta fijado en mejorar las condiciones laborales y crear una mesa de trabajo donde se puedan tratar las cuestiones b\u00e1sicas para resolver los problemas en el ambiente laboral tal como ropa de trabajo, ba\u00f1os qu\u00edmicos en el basural entre otras cosas.<\/p>\n<p>Al momento de la llegada de los manifestantes la municipalidad cerr\u00f3 sus puertas y se presentaron alrededor de treinta efectivos policiales liderado por el Comisario Catalano, con la funci\u00f3n de custodiar que estas personas no realizaran desmanes. Ademas de los policias tambien estuvieron presentes personal de Bomberos Voluntarios ya que los mismo ten\u00edan la intenci\u00f3n de quemar cubiertas  si no eran recibidos por alg\u00fan representante del gobierno local.<\/p>\n<p>Luego de un tiempo de protesta y quejas por que no los dejaban ingresar a buscar a un representante del ejecutivo con quien dialogar poniendo la situaci\u00f3n mas tensa el edil Dami\u00e1n Lafalce sali\u00f3 del Concejo Deliberante y llam\u00f3 a los manifestantes a una reuni\u00f3n que se desarroll\u00f3 en el bloque, con la presencia de Iv\u00e1n Paz, Juan Garavaglia y el propio Lafalce. <\/p>\n<p>En ese momento los ediles se comprometieron a llegar este mi\u00e9rcoles a las 15.00 al Basural para mantener la reuni\u00f3n con los recicladores, con el objeto de conocer las necesidades de los mismos y trabajar en conjunto para solucionarlos.<\/p>\n","protected":false},"excerpt":{"rendered":"<p>Se realiz\u00f3 una protesta en frente de la Municipalidad de San Pedro que fue encabezada por el Movimiento de Trabajadores Excluidos (MTE) de la localidad de San Nicol\u00e1s junto a vecinos del Barrio La Tosquera quiene se dedican al trabajo de recuperaci\u00f3n de residuos en el basural local. Este movimiento es la tercera vez que [&hellip;]<\/p>\n","protected":false},"author":4,"featured_media":34733,"comment_status":"open","ping_status":"closed","sticky":false,"template":"","format":"standard","meta":{"om_disable_all_campaigns":false,"_jetpack_memberships_contains_paid_content":false,"footnotes":""},"categories":[50,101,2],"tags":[],"class_list":["post-34729","post","type-post","status-publish","format-standard","has-post-thumbnail","hentry","category-destacadas","category-interes-general-locales","category-locales"],"aioseo_notices":[],"gutentor_comment":0,"jetpack_featured_media_url":"https:\/\/eldiariodesanpedro.com.ar\/sitio\/wp-content\/uploads\/2018\/06\/20180613_100238-e1528929980727.jpg","jetpack_shortlink":"https:\/\/wp.me\/p6RhLt-929","jetpack_sharing_enabled":true,"_links":{"self":[{"href":"https:\/\/eldiariodesanpedro.com.ar\/sitio\/wp-json\/wp\/v2\/posts\/34729","targetHints":{"allow":["GET"]}}],"collection":[{"href":"https:\/\/eldiariodesanpedro.com.ar\/sitio\/wp-json\/wp\/v2\/posts"}],"about":[{"href":"https:\/\/eldiariodesanpedro.com.ar\/sitio\/wp-json\/wp\/v2\/types\/post"}],"author":[{"embeddable":true,"href":"https:\/\/eldiariodesanpedro.com.ar\/sitio\/wp-json\/wp\/v2\/users\/4"}],"replies":[{"embeddable":true,"href":"https:\/\/eldiariodesanpedro.com.ar\/sitio\/wp-json\/wp\/v2\/comments?post=34729"}],"version-history":[{"count":1,"href":"https:\/\/eldiariodesanpedro.com.ar\/sitio\/wp-json\/wp\/v2\/posts\/34729\/revisions"}],"predecessor-version":[{"id":34736,"href":"https:\/\/eldiariodesanpedro.com.ar\/sitio\/wp-json\/wp\/v2\/posts\/34729\/revisions\/34736"}],"wp:featuredmedia":[{"embeddable":true,"href":"https:\/\/eldiariodesanpedro.com.ar\/sitio\/wp-json\/wp\/v2\/media\/34733"}],"wp:attachment":[{"href":"https:\/\/eldiariodesanpedro.com.ar\/sitio\/wp-json\/wp\/v2\/media?parent=34729"}],"wp:term":[{"taxonomy":"category","embeddable":true,"href":"https:\/\/eldiariodesanpedro.com.ar\/sitio\/wp-json\/wp\/v2\/categories?post=34729"},{"taxonomy":"post_tag","embeddable":true,"href":"https:\/\/eldiariodesanpedro.com.ar\/sitio\/wp-json\/wp\/v2\/tags?post=34729"}],"curies":[{"name":"wp","href":"https:\/\/api.w.org\/{rel}","templated":true}]}}