{"id":34720,"date":"2018-06-13T20:19:19","date_gmt":"2018-06-13T23:19:19","guid":{"rendered":"https:\/\/eldiariodesanpedro.com.ar\/sitio\/?p=34720"},"modified":"2018-06-13T20:19:19","modified_gmt":"2018-06-13T23:19:19","slug":"asamblea-de-la-coopser-se-presentaron-tres-listas","status":"publish","type":"post","link":"https:\/\/eldiariodesanpedro.com.ar\/sitio\/asamblea-de-la-coopser-se-presentaron-tres-listas\/","title":{"rendered":"Asamblea de la COOPSER: Se presentaron tres listas"},"content":{"rendered":"<p><!-- VideographyWP Plugin Message: Automatic video embedding prevented by plugin options. --><br \/>\nEl grupo de vecinos identificados con San Pedro Reclama, la CGT y la propia COOPSER presentaron listas y buscar\u00e1n llegar a administrar la cooperativa. <\/p>\n<p>  Como era de prever, tres sectores presentaron listas para participar de la pr\u00f3xima Asamblea de la COOPSER y de lo que ser\u00edan las elecciones, siempre y cuando oficializan a cada una de las listas.<\/p>\n<p>  La lista \u00abNegra\u00bb corresponde al grupo de vecinos San Pedro Reclama, la lista \u00abRoja\u00bb es la que agrupa a dirigentes de la CGT local y la lista \u00abCeleste y Blanca\u00bb ser\u00eda la que representa a la COOPSER.<\/p>\n<p>  Sobre el cierre del tiempo establecido para la presentaci\u00f3n de listas ya hubo acusaciones, protestas y cuestionamientos, lo que remarca que ser\u00e1 una campa\u00f1a y asamblea re\u00f1ida.<\/p>\n<p>Fuente: San Pedro Informa<\/p>\n","protected":false},"excerpt":{"rendered":"<p>El grupo de vecinos identificados con San Pedro Reclama, la CGT y la propia COOPSER presentaron listas y buscar\u00e1n llegar a administrar la cooperativa. Como era de prever, tres sectores presentaron listas para participar de la pr\u00f3xima Asamblea de la COOPSER y de lo que ser\u00edan las elecciones, siempre y cuando oficializan a cada una [&hellip;]<\/p>\n","protected":false},"author":4,"featured_media":6360,"comment_status":"open","ping_status":"closed","sticky":false,"template":"","format":"standard","meta":{"om_disable_all_campaigns":false,"_jetpack_memberships_contains_paid_content":false,"footnotes":""},"categories":[101,2],"tags":[],"class_list":["post-34720","post","type-post","status-publish","format-standard","has-post-thumbnail","hentry","category-interes-general-locales","category-locales"],"aioseo_notices":[],"gutentor_comment":0,"jetpack_featured_media_url":"https:\/\/eldiariodesanpedro.com.ar\/sitio\/wp-content\/uploads\/2016\/07\/coopser.jpg","jetpack_shortlink":"https:\/\/wp.me\/p6RhLt-920","jetpack_sharing_enabled":true,"_links":{"self":[{"href":"https:\/\/eldiariodesanpedro.com.ar\/sitio\/wp-json\/wp\/v2\/posts\/34720","targetHints":{"allow":["GET"]}}],"collection":[{"href":"https:\/\/eldiariodesanpedro.com.ar\/sitio\/wp-json\/wp\/v2\/posts"}],"about":[{"href":"https:\/\/eldiariodesanpedro.com.ar\/sitio\/wp-json\/wp\/v2\/types\/post"}],"author":[{"embeddable":true,"href":"https:\/\/eldiariodesanpedro.com.ar\/sitio\/wp-json\/wp\/v2\/users\/4"}],"replies":[{"embeddable":true,"href":"https:\/\/eldiariodesanpedro.com.ar\/sitio\/wp-json\/wp\/v2\/comments?post=34720"}],"version-history":[{"count":2,"href":"https:\/\/eldiariodesanpedro.com.ar\/sitio\/wp-json\/wp\/v2\/posts\/34720\/revisions"}],"predecessor-version":[{"id":34747,"href":"https:\/\/eldiariodesanpedro.com.ar\/sitio\/wp-json\/wp\/v2\/posts\/34720\/revisions\/34747"}],"wp:featuredmedia":[{"embeddable":true,"href":"https:\/\/eldiariodesanpedro.com.ar\/sitio\/wp-json\/wp\/v2\/media\/6360"}],"wp:attachment":[{"href":"https:\/\/eldiariodesanpedro.com.ar\/sitio\/wp-json\/wp\/v2\/media?parent=34720"}],"wp:term":[{"taxonomy":"category","embeddable":true,"href":"https:\/\/eldiariodesanpedro.com.ar\/sitio\/wp-json\/wp\/v2\/categories?post=34720"},{"taxonomy":"post_tag","embeddable":true,"href":"https:\/\/eldiariodesanpedro.com.ar\/sitio\/wp-json\/wp\/v2\/tags?post=34720"}],"curies":[{"name":"wp","href":"https:\/\/api.w.org\/{rel}","templated":true}]}}