{"id":3472,"date":"2016-04-20T20:36:55","date_gmt":"2016-04-20T23:36:55","guid":{"rendered":"https:\/\/eldiariodesanpedro.com.ar\/sitio\/?p=3472"},"modified":"2016-04-20T20:36:55","modified_gmt":"2016-04-20T23:36:55","slug":"sigue-la-busqueda-del-cocinero-desaparecido-de-un-buque-arenero-en-el-parana","status":"publish","type":"post","link":"https:\/\/eldiariodesanpedro.com.ar\/sitio\/sigue-la-busqueda-del-cocinero-desaparecido-de-un-buque-arenero-en-el-parana\/","title":{"rendered":"Sigue la b\u00fasqueda del cocinero desaparecido de un buque arenero en el Paran\u00e1"},"content":{"rendered":"<p><!-- VideographyWP Plugin Message: Automatic video embedding prevented by plugin options. --><br \/>\nContin\u00faa la b\u00fasqueda de Mat\u00edas Montivero, tripulante de uno de los buques que colision\u00f3 en las aguas del Paran\u00e1 de las Palmas, a la altura de Atucha, en Z\u00e1rate. El grave accidente ocurri\u00f3 alrededor de las 19.00 del viernes pasado, cuando chocaron dos barcos que navegaban en direcci\u00f3n contraria.<br \/>\nUno de ellos, el buque arenero Iris, de menor porte, se desequilibr\u00f3. Como consecuencia, cay\u00f3 al agua casi toda su tripulaci\u00f3n, integrada por 12 personas, en una noche de intensa lluvia y muy poca visibilidad. Otro buque que navegaba por el lugar, cuyo capit\u00e1n es Jos\u00e9 Peralta, vecino de Z\u00e1rate, auxili\u00f3 a los tripulantes y, entre ellos, rescat\u00f3 al capit\u00e1n del Iris, Cristian Sosa.<br \/>\nLamentablemente, el cocinero de la embarcaci\u00f3n \u2013un joven oriundo de Puerto Tirol\u2013 se mantiene desaparecido. Guardacostas de Prefectura est\u00e1n en la tarea de b\u00fasqueda, la cual, se se\u00f1al\u00f3, es dificultosa porque la zona isle\u00f1a est\u00e1 inundada y tapada de camalotes.<br \/>\nVale mencionar que la embarcaci\u00f3n hab\u00eda partido de San Pedro y navegaba hacia el puerto de Buenos Aires, cuando se cruz\u00f3 con el buque Macheras.<br \/>\nWalter Ram\u00edrez, secretario del Sindicato de Patrones Centro de Patrones y Oficiales Fluviales, de Pesca y de Cabotaje Mar\u00edtimo, dialog\u00f3 con La Voz de Z\u00e1rate y se\u00f1al\u00f3 que miembros del gremio llegaron al lugar en la noche del accidente, y que se manten\u00edan activos recibiendo informaci\u00f3n de Prefectura sobre la b\u00fasqueda del tripulante cocinero desaparecido de las aguas.<br \/>\nPor su parte, la familia de Montivero, quienes se dedican a la actividad mar\u00edtima en embarcaciones que recorren distintos lugares del pa\u00eds, vive momentos de angustia y desesperaci\u00f3n. Su esposa, padre y cu\u00f1ado arribaron al lugar tras el accidente y fueron alojados en un hotel, recibiendo asistencia psicol\u00f3gica en esta dura espera de hallar al tripulante desaparecido.<br \/>\n\u201cQuiero informar a todos los que est\u00e1n pidiendo por Mat\u00edas que lamentablemente no lo encuentran, pero sigue la b\u00fasqueda. As\u00ed que les pido por favor no dejen de rezar por \u00e9l, mis viejos y cu\u00f1ada, que est\u00e1n destrozados. Gracias, mil gracias a todos por estar\u201d, escribi\u00f3 su hermano a trav\u00e9s de su cuenta de Facebook.<\/p>\n","protected":false},"excerpt":{"rendered":"<p>Contin\u00faa la b\u00fasqueda de Mat\u00edas Montivero, tripulante de uno de los buques que colision\u00f3 en las aguas del Paran\u00e1 de las Palmas, a la altura de Atucha, en Z\u00e1rate. El grave accidente ocurri\u00f3 alrededor de las 19.00 del viernes pasado, cuando chocaron dos barcos que navegaban en direcci\u00f3n contraria. Uno de ellos, el buque arenero [&hellip;]<\/p>\n","protected":false},"author":4,"featured_media":3328,"comment_status":"open","ping_status":"closed","sticky":false,"template":"","format":"standard","meta":{"om_disable_all_campaigns":false,"_jetpack_memberships_contains_paid_content":false,"footnotes":""},"categories":[50,101,2],"tags":[],"class_list":["post-3472","post","type-post","status-publish","format-standard","has-post-thumbnail","hentry","category-destacadas","category-interes-general-locales","category-locales"],"aioseo_notices":[],"gutentor_comment":0,"jetpack_featured_media_url":"https:\/\/eldiariodesanpedro.com.ar\/sitio\/wp-content\/uploads\/2016\/04\/0014602300.jpg","jetpack_shortlink":"https:\/\/wp.me\/p6RhLt-U0","jetpack_sharing_enabled":true,"_links":{"self":[{"href":"https:\/\/eldiariodesanpedro.com.ar\/sitio\/wp-json\/wp\/v2\/posts\/3472","targetHints":{"allow":["GET"]}}],"collection":[{"href":"https:\/\/eldiariodesanpedro.com.ar\/sitio\/wp-json\/wp\/v2\/posts"}],"about":[{"href":"https:\/\/eldiariodesanpedro.com.ar\/sitio\/wp-json\/wp\/v2\/types\/post"}],"author":[{"embeddable":true,"href":"https:\/\/eldiariodesanpedro.com.ar\/sitio\/wp-json\/wp\/v2\/users\/4"}],"replies":[{"embeddable":true,"href":"https:\/\/eldiariodesanpedro.com.ar\/sitio\/wp-json\/wp\/v2\/comments?post=3472"}],"version-history":[{"count":1,"href":"https:\/\/eldiariodesanpedro.com.ar\/sitio\/wp-json\/wp\/v2\/posts\/3472\/revisions"}],"predecessor-version":[{"id":3473,"href":"https:\/\/eldiariodesanpedro.com.ar\/sitio\/wp-json\/wp\/v2\/posts\/3472\/revisions\/3473"}],"wp:featuredmedia":[{"embeddable":true,"href":"https:\/\/eldiariodesanpedro.com.ar\/sitio\/wp-json\/wp\/v2\/media\/3328"}],"wp:attachment":[{"href":"https:\/\/eldiariodesanpedro.com.ar\/sitio\/wp-json\/wp\/v2\/media?parent=3472"}],"wp:term":[{"taxonomy":"category","embeddable":true,"href":"https:\/\/eldiariodesanpedro.com.ar\/sitio\/wp-json\/wp\/v2\/categories?post=3472"},{"taxonomy":"post_tag","embeddable":true,"href":"https:\/\/eldiariodesanpedro.com.ar\/sitio\/wp-json\/wp\/v2\/tags?post=3472"}],"curies":[{"name":"wp","href":"https:\/\/api.w.org\/{rel}","templated":true}]}}