{"id":3469,"date":"2016-04-20T20:34:18","date_gmt":"2016-04-20T23:34:18","guid":{"rendered":"https:\/\/eldiariodesanpedro.com.ar\/sitio\/?p=3469"},"modified":"2016-04-20T20:34:18","modified_gmt":"2016-04-20T23:34:18","slug":"una-menor-hospitalizada-tras-un-accidente-de-transito","status":"publish","type":"post","link":"https:\/\/eldiariodesanpedro.com.ar\/sitio\/una-menor-hospitalizada-tras-un-accidente-de-transito\/","title":{"rendered":"Una menor hospitalizada tras un accidente de tr\u00e1nsito"},"content":{"rendered":"<p><!-- VideographyWP Plugin Message: Automatic video embedding prevented by plugin options. --><br \/>\nEl siniestro tuvo lugar ayer por la tarde en la esquina de Belgrano y Casella. En ese lugar, un Renault Megane, color gris, impact\u00f3 con una moto 110 C. C., por causas que a\u00fan no se han establecido. El accidente dej\u00f3 como saldo dos personas heridas.<br \/>\nEn el rodado menor se dirig\u00eda una mujer mayor de edad, quien iba acompa\u00f1ada de una ni\u00f1a. Esta \u00faltima, seg\u00fan relataron testigos del hecho, tras caer del ciclomotor, golpe\u00f3 su cabeza contra el pavimento.<br \/>\nUna ambulancia del Servicio de Emergencias 107 del Hospital traslad\u00f3 a las damnificadas al nosocomio, donde se les practicaron los estudios correspondientes para determinar la gravedad de las heridas.<\/p>\n","protected":false},"excerpt":{"rendered":"<p>El siniestro tuvo lugar ayer por la tarde en la esquina de Belgrano y Casella. En ese lugar, un Renault Megane, color gris, impact\u00f3 con una moto 110 C. C., por causas que a\u00fan no se han establecido. El accidente dej\u00f3 como saldo dos personas heridas. En el rodado menor se dirig\u00eda una mujer mayor [&hellip;]<\/p>\n","protected":false},"author":4,"featured_media":3470,"comment_status":"open","ping_status":"closed","sticky":false,"template":"","format":"standard","meta":{"om_disable_all_campaigns":false,"_jetpack_memberships_contains_paid_content":false,"footnotes":""},"categories":[2,103],"tags":[],"class_list":["post-3469","post","type-post","status-publish","format-standard","has-post-thumbnail","hentry","category-locales","category-policiales-locales"],"aioseo_notices":[],"gutentor_comment":0,"jetpack_featured_media_url":"https:\/\/eldiariodesanpedro.com.ar\/sitio\/wp-content\/uploads\/2016\/04\/PAGINA-5-10.jpg","jetpack_shortlink":"https:\/\/wp.me\/p6RhLt-TX","jetpack_sharing_enabled":true,"_links":{"self":[{"href":"https:\/\/eldiariodesanpedro.com.ar\/sitio\/wp-json\/wp\/v2\/posts\/3469","targetHints":{"allow":["GET"]}}],"collection":[{"href":"https:\/\/eldiariodesanpedro.com.ar\/sitio\/wp-json\/wp\/v2\/posts"}],"about":[{"href":"https:\/\/eldiariodesanpedro.com.ar\/sitio\/wp-json\/wp\/v2\/types\/post"}],"author":[{"embeddable":true,"href":"https:\/\/eldiariodesanpedro.com.ar\/sitio\/wp-json\/wp\/v2\/users\/4"}],"replies":[{"embeddable":true,"href":"https:\/\/eldiariodesanpedro.com.ar\/sitio\/wp-json\/wp\/v2\/comments?post=3469"}],"version-history":[{"count":1,"href":"https:\/\/eldiariodesanpedro.com.ar\/sitio\/wp-json\/wp\/v2\/posts\/3469\/revisions"}],"predecessor-version":[{"id":3471,"href":"https:\/\/eldiariodesanpedro.com.ar\/sitio\/wp-json\/wp\/v2\/posts\/3469\/revisions\/3471"}],"wp:featuredmedia":[{"embeddable":true,"href":"https:\/\/eldiariodesanpedro.com.ar\/sitio\/wp-json\/wp\/v2\/media\/3470"}],"wp:attachment":[{"href":"https:\/\/eldiariodesanpedro.com.ar\/sitio\/wp-json\/wp\/v2\/media?parent=3469"}],"wp:term":[{"taxonomy":"category","embeddable":true,"href":"https:\/\/eldiariodesanpedro.com.ar\/sitio\/wp-json\/wp\/v2\/categories?post=3469"},{"taxonomy":"post_tag","embeddable":true,"href":"https:\/\/eldiariodesanpedro.com.ar\/sitio\/wp-json\/wp\/v2\/tags?post=3469"}],"curies":[{"name":"wp","href":"https:\/\/api.w.org\/{rel}","templated":true}]}}