{"id":34686,"date":"2018-06-12T20:28:45","date_gmt":"2018-06-12T23:28:45","guid":{"rendered":"https:\/\/eldiariodesanpedro.com.ar\/sitio\/?p=34686"},"modified":"2026-01-24T00:13:29","modified_gmt":"2026-01-24T03:13:29","slug":"los-murcielagos-derrotaron-a-francia-y-son-primeros-del-grupo-en-el-mundial-de-espana-silvio-velo-se-convirtio-en-el-unico-jugador-del-mundo-en-disputar-siete-mundiales","status":"publish","type":"post","link":"https:\/\/eldiariodesanpedro.com.ar\/sitio\/los-murcielagos-derrotaron-a-francia-y-son-primeros-del-grupo-en-el-mundial-de-espana-silvio-velo-se-convirtio-en-el-unico-jugador-del-mundo-en-disputar-siete-mundiales\/","title":{"rendered":"Los Murci\u00e9lagos derrotaron a Francia y son primeros del grupo en el Mundial de Espa\u00f1a. Silvio Velo se convirti\u00f3 en el \u00fanico jugador del mundo en disputar siete mundiales"},"content":{"rendered":"<p><!-- VideographyWP Plugin Message: Automatic video embedding prevented by plugin options. --><br \/>\n  La Selecci\u00f3n Argentina de F\u00fatbol para Ciegos \u201cLos Murci\u00e9lagos\u201d contin\u00faa en su camino de \u00e9xitos en el Mundial de F\u00fatbol que se est\u00e1 celebrando en Madrid. Se impuso a Francia en la tercera fecha de la jornada clasificatoria, logrando clasificarse para cuartos de final quedando en la primera posici\u00f3n tras dos triunfos y una igualdad.<br \/>\n  Fue 3 a 0 con goles de V\u00e9liz en dos ocasiones y Rodr\u00edguez. El sampedrino Silvio Velo jug\u00f3 varios minutos, siendo el \u00fanico jugador a nivel mundial que ha disputado los siete mundiales que se llevan disputados y cuenta con 47 a\u00f1os. <\/p>\n<p><strong>Inglaterra enfrentar\u00e1 al combinado nacional<\/strong><br \/>\n  Estuvimos en contacto con el mejor jugador del mundo, quien nos manifest\u00f3 \u00abEste mi\u00e9rcoles jugamos ante Inglaterra a las 11:30 hs, reci\u00e9n confirmado, despu\u00e9s de haber jugado en un grupo muy duro, pero lo pudimos pasar bien, ahora viene la parte final, la m\u00e1s importante\u00bb.<\/p>\n<p>  Sobre el pr\u00f3ximo rival dijo \u00abInglaterra es muy fuerte, un equipo muy duro, ayer jug\u00f3 con Brasil y perdi\u00f3 3 a 0, pero Brasil gan\u00f3 por goleada los anteriores compromisos, claro est\u00e1 que la zona no fue la de Argentina, Brasil si pasa Colombia, el pr\u00f3ximo rival despu\u00e9s es China y si nosotros le ganamos a Inglaterra despu\u00e9s nos tocar\u00eda Espa\u00f1a o Rusia\u00bb. En caso de ganar las dos selecciones Sudamericanas, se pueden enfrentar en la final, reeditando juegos anteriores. <\/p>\n<p>  El Mundial es organizado por la Federaci\u00f3n Espa\u00f1ola de Deportes para Ciegos (FEDC), junto con la ONCE, en Madrid el Campeonato Mundial de F\u00fatbol para Ciegos, bajo el auspicio de la Federaci\u00f3n Internacional de Deportes para Ciegos (IBSA).<\/p>\n","protected":false},"excerpt":{"rendered":"<p>La Selecci\u00f3n Argentina de F\u00fatbol para Ciegos \u201cLos Murci\u00e9lagos\u201d contin\u00faa en su camino de \u00e9xitos en el Mundial de F\u00fatbol que se est\u00e1 celebrando en Madrid. Se impuso a Francia en la tercera fecha de la jornada clasificatoria, logrando clasificarse para cuartos de final quedando en la primera posici\u00f3n tras dos triunfos y una igualdad. [&hellip;]<\/p>\n","protected":false},"author":4,"featured_media":34688,"comment_status":"open","ping_status":"closed","sticky":false,"template":"","format":"standard","meta":{"om_disable_all_campaigns":false,"_jetpack_memberships_contains_paid_content":false,"footnotes":""},"categories":[5],"tags":[],"class_list":["post-34686","post","type-post","status-publish","format-standard","has-post-thumbnail","hentry","category-deportes"],"aioseo_notices":[],"gutentor_comment":0,"jetpack_featured_media_url":"https:\/\/eldiariodesanpedro.com.ar\/sitio\/wp-content\/uploads\/2018\/06\/Silvio-Velo-posando-en-el-Estadio-en-que-jug\u00f3-la-ronda-clasificatoria.jpg","jetpack_shortlink":"https:\/\/wp.me\/p6RhLt-91s","jetpack_sharing_enabled":true,"_links":{"self":[{"href":"https:\/\/eldiariodesanpedro.com.ar\/sitio\/wp-json\/wp\/v2\/posts\/34686","targetHints":{"allow":["GET"]}}],"collection":[{"href":"https:\/\/eldiariodesanpedro.com.ar\/sitio\/wp-json\/wp\/v2\/posts"}],"about":[{"href":"https:\/\/eldiariodesanpedro.com.ar\/sitio\/wp-json\/wp\/v2\/types\/post"}],"author":[{"embeddable":true,"href":"https:\/\/eldiariodesanpedro.com.ar\/sitio\/wp-json\/wp\/v2\/users\/4"}],"replies":[{"embeddable":true,"href":"https:\/\/eldiariodesanpedro.com.ar\/sitio\/wp-json\/wp\/v2\/comments?post=34686"}],"version-history":[{"count":1,"href":"https:\/\/eldiariodesanpedro.com.ar\/sitio\/wp-json\/wp\/v2\/posts\/34686\/revisions"}],"predecessor-version":[{"id":34690,"href":"https:\/\/eldiariodesanpedro.com.ar\/sitio\/wp-json\/wp\/v2\/posts\/34686\/revisions\/34690"}],"wp:featuredmedia":[{"embeddable":true,"href":"https:\/\/eldiariodesanpedro.com.ar\/sitio\/wp-json\/wp\/v2\/media\/34688"}],"wp:attachment":[{"href":"https:\/\/eldiariodesanpedro.com.ar\/sitio\/wp-json\/wp\/v2\/media?parent=34686"}],"wp:term":[{"taxonomy":"category","embeddable":true,"href":"https:\/\/eldiariodesanpedro.com.ar\/sitio\/wp-json\/wp\/v2\/categories?post=34686"},{"taxonomy":"post_tag","embeddable":true,"href":"https:\/\/eldiariodesanpedro.com.ar\/sitio\/wp-json\/wp\/v2\/tags?post=34686"}],"curies":[{"name":"wp","href":"https:\/\/api.w.org\/{rel}","templated":true}]}}