{"id":34684,"date":"2018-06-12T20:26:47","date_gmt":"2018-06-12T23:26:47","guid":{"rendered":"https:\/\/eldiariodesanpedro.com.ar\/sitio\/?p=34684"},"modified":"2026-01-24T00:13:29","modified_gmt":"2026-01-24T03:13:29","slug":"futbol-local-por-el-dia-del-padre-no-habra-actividad-la-9-fecha-pasa-para-el-20-de-junio","status":"publish","type":"post","link":"https:\/\/eldiariodesanpedro.com.ar\/sitio\/futbol-local-por-el-dia-del-padre-no-habra-actividad-la-9-fecha-pasa-para-el-20-de-junio\/","title":{"rendered":"F\u00daTBOL LOCAL: Por el D\u00eda del Padre no habr\u00e1 actividad. La 9\u00b0 fecha pasa para el 20 de junio"},"content":{"rendered":"<p><!-- VideographyWP Plugin Message: Automatic video embedding prevented by plugin options. --><br \/>\n  En la sesi\u00f3n semanal de la Liga Deportiva Sampedrina este lunes qued\u00f3 establecido que el domingo 17 del corriente no se juega la \u00faltima fecha de la ronda clasificatoria por ser el D\u00eda del Padre, pasando en su totalidad para el 20 de junio con horarios unificados en todas las divisiones. S\u00f3lo se disputar\u00e1n los dos partidos pendientes de cuarta y tercera divisi\u00f3n entre Am\u00e9rica y Fundici\u00f3n, el mismo se jugar\u00e1 el s\u00e1bado 16 a las 14.00 y 15.30 horas en el \u201cPablo Noat\u201d. <\/p>\n<p>  Sobre la protesta de Atl\u00e9tico a Def. Unidos seg\u00fan trascendi\u00f3 en algunos medios por supuesta inclusi\u00f3n indebida de un jugador del elenco de Juan Casas, al cierre de esta edici\u00f3n, consultada la Liga Deportiva Sampedrina nos manifest\u00f3 que a\u00fan nadie se aperson\u00f3 con protesta alguna, la que para realizar debe realizar algunos requisitos que marca el articulo 13 del reglamento de trasgresiones y penas.  <\/p>\n","protected":false},"excerpt":{"rendered":"<p>En la sesi\u00f3n semanal de la Liga Deportiva Sampedrina este lunes qued\u00f3 establecido que el domingo 17 del corriente no se juega la \u00faltima fecha de la ronda clasificatoria por ser el D\u00eda del Padre, pasando en su totalidad para el 20 de junio con horarios unificados en todas las divisiones. S\u00f3lo se disputar\u00e1n los [&hellip;]<\/p>\n","protected":false},"author":4,"featured_media":17907,"comment_status":"open","ping_status":"closed","sticky":false,"template":"","format":"standard","meta":{"om_disable_all_campaigns":false,"_jetpack_memberships_contains_paid_content":false,"footnotes":""},"categories":[5],"tags":[],"class_list":["post-34684","post","type-post","status-publish","format-standard","has-post-thumbnail","hentry","category-deportes"],"aioseo_notices":[],"gutentor_comment":0,"jetpack_featured_media_url":"https:\/\/eldiariodesanpedro.com.ar\/sitio\/wp-content\/uploads\/2017\/04\/futbol-balon.jpg","jetpack_shortlink":"https:\/\/wp.me\/p6RhLt-91q","jetpack_sharing_enabled":true,"_links":{"self":[{"href":"https:\/\/eldiariodesanpedro.com.ar\/sitio\/wp-json\/wp\/v2\/posts\/34684","targetHints":{"allow":["GET"]}}],"collection":[{"href":"https:\/\/eldiariodesanpedro.com.ar\/sitio\/wp-json\/wp\/v2\/posts"}],"about":[{"href":"https:\/\/eldiariodesanpedro.com.ar\/sitio\/wp-json\/wp\/v2\/types\/post"}],"author":[{"embeddable":true,"href":"https:\/\/eldiariodesanpedro.com.ar\/sitio\/wp-json\/wp\/v2\/users\/4"}],"replies":[{"embeddable":true,"href":"https:\/\/eldiariodesanpedro.com.ar\/sitio\/wp-json\/wp\/v2\/comments?post=34684"}],"version-history":[{"count":1,"href":"https:\/\/eldiariodesanpedro.com.ar\/sitio\/wp-json\/wp\/v2\/posts\/34684\/revisions"}],"predecessor-version":[{"id":34687,"href":"https:\/\/eldiariodesanpedro.com.ar\/sitio\/wp-json\/wp\/v2\/posts\/34684\/revisions\/34687"}],"wp:featuredmedia":[{"embeddable":true,"href":"https:\/\/eldiariodesanpedro.com.ar\/sitio\/wp-json\/wp\/v2\/media\/17907"}],"wp:attachment":[{"href":"https:\/\/eldiariodesanpedro.com.ar\/sitio\/wp-json\/wp\/v2\/media?parent=34684"}],"wp:term":[{"taxonomy":"category","embeddable":true,"href":"https:\/\/eldiariodesanpedro.com.ar\/sitio\/wp-json\/wp\/v2\/categories?post=34684"},{"taxonomy":"post_tag","embeddable":true,"href":"https:\/\/eldiariodesanpedro.com.ar\/sitio\/wp-json\/wp\/v2\/tags?post=34684"}],"curies":[{"name":"wp","href":"https:\/\/api.w.org\/{rel}","templated":true}]}}