{"id":34683,"date":"2018-06-12T20:25:46","date_gmt":"2018-06-12T23:25:46","guid":{"rendered":"https:\/\/eldiariodesanpedro.com.ar\/sitio\/?p=34683"},"modified":"2018-06-12T20:25:46","modified_gmt":"2018-06-12T23:25:46","slug":"san-antonio-de-areco-detienen-a-un-sujeto-por-abuso-sexual-agravado","status":"publish","type":"post","link":"https:\/\/eldiariodesanpedro.com.ar\/sitio\/san-antonio-de-areco-detienen-a-un-sujeto-por-abuso-sexual-agravado\/","title":{"rendered":"SAN ANTONIO DE ARECO: Detienen a un sujeto por abuso sexual agravado"},"content":{"rendered":"<p><!-- VideographyWP Plugin Message: Automatic video embedding prevented by plugin options. --><br \/>\nPersonal policial de San Antonio de Areco procedi\u00f3 a la detenci\u00f3n de un sujeto de nuestra ciudad por abuso sexual agravado.<\/p>\n<p>  La orden fue librada por el Juzgado de Garant\u00edas Nro. 1 del Departamento Judicial de Mercedes a cargo del Dr. Romero. Se detuvo a Claudio Paul Cufr\u00e9 de 21 a\u00f1os, domiciliado en el Barrio 102 viviendas casa 60. El hecho es abuso sexual agravado por acceso carnal y por ser cometido respecto de un menor de dieciocho a\u00f1os, aprovechando la convivencia.<br \/>\n  Adem\u00e1s, por abuso sexual agravado por configurar para la victima un sometimiento gravemente ultrajante y ser cometido respecto de un menor de 18 a\u00f1os aprovechando la convivencia.<br \/>\n  Interviene la UFI 3 Mdes. del Dr. Illanes.<\/p>\n<p>Fuente: Bosco Producciones<\/p>\n","protected":false},"excerpt":{"rendered":"<p>Personal policial de San Antonio de Areco procedi\u00f3 a la detenci\u00f3n de un sujeto de nuestra ciudad por abuso sexual agravado. La orden fue librada por el Juzgado de Garant\u00edas Nro. 1 del Departamento Judicial de Mercedes a cargo del Dr. Romero. Se detuvo a Claudio Paul Cufr\u00e9 de 21 a\u00f1os, domiciliado en el Barrio [&hellip;]<\/p>\n","protected":false},"author":4,"featured_media":28826,"comment_status":"open","ping_status":"closed","sticky":false,"template":"","format":"standard","meta":{"om_disable_all_campaigns":false,"_jetpack_memberships_contains_paid_content":false,"footnotes":""},"categories":[621],"tags":[],"class_list":["post-34683","post","type-post","status-publish","format-standard","has-post-thumbnail","hentry","category-regionales"],"aioseo_notices":[],"gutentor_comment":0,"jetpack_featured_media_url":"https:\/\/eldiariodesanpedro.com.ar\/sitio\/wp-content\/uploads\/2018\/02\/detenido-4.jpg","jetpack_shortlink":"https:\/\/wp.me\/p6RhLt-91p","jetpack_sharing_enabled":true,"_links":{"self":[{"href":"https:\/\/eldiariodesanpedro.com.ar\/sitio\/wp-json\/wp\/v2\/posts\/34683","targetHints":{"allow":["GET"]}}],"collection":[{"href":"https:\/\/eldiariodesanpedro.com.ar\/sitio\/wp-json\/wp\/v2\/posts"}],"about":[{"href":"https:\/\/eldiariodesanpedro.com.ar\/sitio\/wp-json\/wp\/v2\/types\/post"}],"author":[{"embeddable":true,"href":"https:\/\/eldiariodesanpedro.com.ar\/sitio\/wp-json\/wp\/v2\/users\/4"}],"replies":[{"embeddable":true,"href":"https:\/\/eldiariodesanpedro.com.ar\/sitio\/wp-json\/wp\/v2\/comments?post=34683"}],"version-history":[{"count":1,"href":"https:\/\/eldiariodesanpedro.com.ar\/sitio\/wp-json\/wp\/v2\/posts\/34683\/revisions"}],"predecessor-version":[{"id":34685,"href":"https:\/\/eldiariodesanpedro.com.ar\/sitio\/wp-json\/wp\/v2\/posts\/34683\/revisions\/34685"}],"wp:featuredmedia":[{"embeddable":true,"href":"https:\/\/eldiariodesanpedro.com.ar\/sitio\/wp-json\/wp\/v2\/media\/28826"}],"wp:attachment":[{"href":"https:\/\/eldiariodesanpedro.com.ar\/sitio\/wp-json\/wp\/v2\/media?parent=34683"}],"wp:term":[{"taxonomy":"category","embeddable":true,"href":"https:\/\/eldiariodesanpedro.com.ar\/sitio\/wp-json\/wp\/v2\/categories?post=34683"},{"taxonomy":"post_tag","embeddable":true,"href":"https:\/\/eldiariodesanpedro.com.ar\/sitio\/wp-json\/wp\/v2\/tags?post=34683"}],"curies":[{"name":"wp","href":"https:\/\/api.w.org\/{rel}","templated":true}]}}