{"id":34675,"date":"2018-06-12T20:23:07","date_gmt":"2018-06-12T23:23:07","guid":{"rendered":"https:\/\/eldiariodesanpedro.com.ar\/sitio\/?p=34675"},"modified":"2018-06-12T20:23:07","modified_gmt":"2018-06-12T23:23:07","slug":"san-andres-de-giles-fallecio-un-vecino-en-un-accidente-entre-dos-autos","status":"publish","type":"post","link":"https:\/\/eldiariodesanpedro.com.ar\/sitio\/san-andres-de-giles-fallecio-un-vecino-en-un-accidente-entre-dos-autos\/","title":{"rendered":"SAN ANDR\u00c9S DE GILES: Falleci\u00f3 un vecino en un accidente entre dos autos"},"content":{"rendered":"<p><!-- VideographyWP Plugin Message: Automatic video embedding prevented by plugin options. --><br \/>\nAnoche el llamado de Bomberos Voluntarios puso en vilo a la comunidad.   Cerca de las 20 horas una unidad de rescate acudi\u00f3 de emergencia al camino que une a la localidad de Sol\u00eds con Azcu\u00e9naga (RP 193), donde un grave accidente automovil\u00edstico precis\u00f3 la acci\u00f3n de la fuerza especializada.<\/p>\n<p>  El accidente fue pasando la localidad de Azcu\u00e9naga, a unos dos kil\u00f3metros de la virgen, ya en la jurisdicci\u00f3n de Sol\u00eds. All\u00ed un Renault 19 impact\u00f3 de frente con un Chevrolet Cruze, ambos veh\u00edculos tripulados por gilenses.<br \/>\n  El impacto fue dur\u00edsimo.<\/p>\n<p>  Seg\u00fan contaron fuentes policiales, el Renault se cruz\u00f3 de carril tomando por sorpresa al conductor del Chevrolet que viajaba con su familia. Como consecuencia del impacto, Juan Alarc\u00f3n (40) \u00fanico tripulante del auto que realiz\u00f3 la arriesgada maniobra, falleci\u00f3 en el acto. Los integrantes del Cruze fueron trasladados al Hospital San Andr\u00e9s con golpes leves.<\/p>\n<p>  Alarc\u00f3n que se desempe\u00f1aba como empleado rural en la zona, y viv\u00eda cerca del lugar del accidente, perdi\u00f3 la vida como consecuencia de las graves heridas ocasionadas por el impacto. La polic\u00eda cient\u00edfica realiz\u00f3 las pericias en el lugar para determinar con claridad las causas del accidente.<\/p>\n<p>Fuente: Info Ciudad Sag<\/p>\n","protected":false},"excerpt":{"rendered":"<p>Anoche el llamado de Bomberos Voluntarios puso en vilo a la comunidad. Cerca de las 20 horas una unidad de rescate acudi\u00f3 de emergencia al camino que une a la localidad de Sol\u00eds con Azcu\u00e9naga (RP 193), donde un grave accidente automovil\u00edstico precis\u00f3 la acci\u00f3n de la fuerza especializada. El accidente fue pasando la localidad [&hellip;]<\/p>\n","protected":false},"author":4,"featured_media":34680,"comment_status":"open","ping_status":"closed","sticky":false,"template":"","format":"standard","meta":{"om_disable_all_campaigns":false,"_jetpack_memberships_contains_paid_content":false,"footnotes":""},"categories":[621],"tags":[],"class_list":["post-34675","post","type-post","status-publish","format-standard","has-post-thumbnail","hentry","category-regionales"],"aioseo_notices":[],"gutentor_comment":0,"jetpack_featured_media_url":"https:\/\/eldiariodesanpedro.com.ar\/sitio\/wp-content\/uploads\/2018\/06\/Falleci\u00f3-un-vecino-en-un-accidente-entre-dos-autos.jpg","jetpack_shortlink":"https:\/\/wp.me\/p6RhLt-91h","jetpack_sharing_enabled":true,"_links":{"self":[{"href":"https:\/\/eldiariodesanpedro.com.ar\/sitio\/wp-json\/wp\/v2\/posts\/34675","targetHints":{"allow":["GET"]}}],"collection":[{"href":"https:\/\/eldiariodesanpedro.com.ar\/sitio\/wp-json\/wp\/v2\/posts"}],"about":[{"href":"https:\/\/eldiariodesanpedro.com.ar\/sitio\/wp-json\/wp\/v2\/types\/post"}],"author":[{"embeddable":true,"href":"https:\/\/eldiariodesanpedro.com.ar\/sitio\/wp-json\/wp\/v2\/users\/4"}],"replies":[{"embeddable":true,"href":"https:\/\/eldiariodesanpedro.com.ar\/sitio\/wp-json\/wp\/v2\/comments?post=34675"}],"version-history":[{"count":1,"href":"https:\/\/eldiariodesanpedro.com.ar\/sitio\/wp-json\/wp\/v2\/posts\/34675\/revisions"}],"predecessor-version":[{"id":34682,"href":"https:\/\/eldiariodesanpedro.com.ar\/sitio\/wp-json\/wp\/v2\/posts\/34675\/revisions\/34682"}],"wp:featuredmedia":[{"embeddable":true,"href":"https:\/\/eldiariodesanpedro.com.ar\/sitio\/wp-json\/wp\/v2\/media\/34680"}],"wp:attachment":[{"href":"https:\/\/eldiariodesanpedro.com.ar\/sitio\/wp-json\/wp\/v2\/media?parent=34675"}],"wp:term":[{"taxonomy":"category","embeddable":true,"href":"https:\/\/eldiariodesanpedro.com.ar\/sitio\/wp-json\/wp\/v2\/categories?post=34675"},{"taxonomy":"post_tag","embeddable":true,"href":"https:\/\/eldiariodesanpedro.com.ar\/sitio\/wp-json\/wp\/v2\/tags?post=34675"}],"curies":[{"name":"wp","href":"https:\/\/api.w.org\/{rel}","templated":true}]}}