{"id":34674,"date":"2018-06-12T20:22:03","date_gmt":"2018-06-12T23:22:03","guid":{"rendered":"https:\/\/eldiariodesanpedro.com.ar\/sitio\/?p=34674"},"modified":"2018-06-12T20:22:03","modified_gmt":"2018-06-12T23:22:03","slug":"zarate-encontraron-muerto-al-hijo-de-un-concejal","status":"publish","type":"post","link":"https:\/\/eldiariodesanpedro.com.ar\/sitio\/zarate-encontraron-muerto-al-hijo-de-un-concejal\/","title":{"rendered":"Z\u00c1RATE: Encontraron muerto al hijo de un Concejal"},"content":{"rendered":"<p><!-- VideographyWP Plugin Message: Automatic video embedding prevented by plugin options. --><br \/>\nEl hombre identificado como Antonio Fern\u00e1ndez, hijo del concejal Ram\u00f3n Fern\u00e1ndez, fue hallado con ocho impactos de bala en las inmediaciones de calles Matheu y 3 de Febrero.<\/p>\n<p>  Seg\u00fan trascendi\u00f3, el hombre hab\u00eda pactado encontrarse con su pareja en F\u00e9lix Pagola, pero nunca lleg\u00f3. Por las luces de las patrullas, la mujer dio cuenta de que algo extra\u00f1o suced\u00eda, por lo que se acerc\u00f3 y encontr\u00f3 a su novio muerto. <\/p>\n<p>  Desde la noche del lunes, Fiscal Dra. Andrea Palacios analiza la escena del crimen junto al titular de la Comisar\u00eda 1ra Diego Ju\u00e1rez, el Jefe Departamental Walter P\u00e9rez, DDI y Comando Patrulla. <\/p>\n<p>  En horas de la ma\u00f1ana de ayer se le realizaba la autopsia correspondiente y la pericia bal\u00edstica. Todav\u00eda no hay hip\u00f3tesis firmes y certeras respecto al motivo y qui\u00e9n mat\u00f3 al hijo del concejal de Nuevo Z\u00e1rate.<\/p>\n<p>Fuente: Enlace Cr\u00edtico<\/p>\n","protected":false},"excerpt":{"rendered":"<p>El hombre identificado como Antonio Fern\u00e1ndez, hijo del concejal Ram\u00f3n Fern\u00e1ndez, fue hallado con ocho impactos de bala en las inmediaciones de calles Matheu y 3 de Febrero. Seg\u00fan trascendi\u00f3, el hombre hab\u00eda pactado encontrarse con su pareja en F\u00e9lix Pagola, pero nunca lleg\u00f3. Por las luces de las patrullas, la mujer dio cuenta de [&hellip;]<\/p>\n","protected":false},"author":4,"featured_media":34678,"comment_status":"open","ping_status":"closed","sticky":false,"template":"","format":"standard","meta":{"om_disable_all_campaigns":false,"_jetpack_memberships_contains_paid_content":false,"footnotes":""},"categories":[621],"tags":[],"class_list":["post-34674","post","type-post","status-publish","format-standard","has-post-thumbnail","hentry","category-regionales"],"aioseo_notices":[],"gutentor_comment":0,"jetpack_featured_media_url":"https:\/\/eldiariodesanpedro.com.ar\/sitio\/wp-content\/uploads\/2018\/06\/zarate-Encontraron-muerto-al-hijo-de-un-Concejal.jpg","jetpack_shortlink":"https:\/\/wp.me\/p6RhLt-91g","jetpack_sharing_enabled":true,"_links":{"self":[{"href":"https:\/\/eldiariodesanpedro.com.ar\/sitio\/wp-json\/wp\/v2\/posts\/34674","targetHints":{"allow":["GET"]}}],"collection":[{"href":"https:\/\/eldiariodesanpedro.com.ar\/sitio\/wp-json\/wp\/v2\/posts"}],"about":[{"href":"https:\/\/eldiariodesanpedro.com.ar\/sitio\/wp-json\/wp\/v2\/types\/post"}],"author":[{"embeddable":true,"href":"https:\/\/eldiariodesanpedro.com.ar\/sitio\/wp-json\/wp\/v2\/users\/4"}],"replies":[{"embeddable":true,"href":"https:\/\/eldiariodesanpedro.com.ar\/sitio\/wp-json\/wp\/v2\/comments?post=34674"}],"version-history":[{"count":1,"href":"https:\/\/eldiariodesanpedro.com.ar\/sitio\/wp-json\/wp\/v2\/posts\/34674\/revisions"}],"predecessor-version":[{"id":34679,"href":"https:\/\/eldiariodesanpedro.com.ar\/sitio\/wp-json\/wp\/v2\/posts\/34674\/revisions\/34679"}],"wp:featuredmedia":[{"embeddable":true,"href":"https:\/\/eldiariodesanpedro.com.ar\/sitio\/wp-json\/wp\/v2\/media\/34678"}],"wp:attachment":[{"href":"https:\/\/eldiariodesanpedro.com.ar\/sitio\/wp-json\/wp\/v2\/media?parent=34674"}],"wp:term":[{"taxonomy":"category","embeddable":true,"href":"https:\/\/eldiariodesanpedro.com.ar\/sitio\/wp-json\/wp\/v2\/categories?post=34674"},{"taxonomy":"post_tag","embeddable":true,"href":"https:\/\/eldiariodesanpedro.com.ar\/sitio\/wp-json\/wp\/v2\/tags?post=34674"}],"curies":[{"name":"wp","href":"https:\/\/api.w.org\/{rel}","templated":true}]}}