{"id":3466,"date":"2016-04-20T20:33:18","date_gmt":"2016-04-20T23:33:18","guid":{"rendered":"https:\/\/eldiariodesanpedro.com.ar\/sitio\/?p=3466"},"modified":"2016-04-20T20:33:18","modified_gmt":"2016-04-20T23:33:18","slug":"allanamiento-negativo-por-un-hecho-ocurrido-meses-atras-en-pergamino","status":"publish","type":"post","link":"https:\/\/eldiariodesanpedro.com.ar\/sitio\/allanamiento-negativo-por-un-hecho-ocurrido-meses-atras-en-pergamino\/","title":{"rendered":"Allanamiento negativo por un hecho ocurrido meses atr\u00e1s en Pergamino"},"content":{"rendered":"<p><!-- VideographyWP Plugin Message: Automatic video embedding prevented by plugin options. --><br \/>\nLos procedimientos fueron realizados en la ma\u00f1ana ayer en un domicilio de calle Cruz Roja al 300. All\u00ed una comisi\u00f3n policial proveniente de Pergamino busc\u00f3 a un presunto autor de un grave hecho cometido en la zona rural de dicha localidad en el mes de febrero. Lo cierto es que no lograron encontrar a la persona que buscaban.<br \/>\nLa Patrulla Rural de Pergamino, SubDDI Baradero y efectivos locales participaron del allanamiento con el objetivo de desbaratar una banda responsable de cometer delitos en toda la zona. Es importante mencionar que ya tres delincuentes hab\u00edan sido atrapados con anterioridad.<br \/>\nEl hecho en el que est\u00e1 involucrado el sujeto ocurri\u00f3 el pasado 9 de febrero, cuando una banda de delincuentes asalt\u00f3 un campo ubicado en el paraje 12 de Agosto, para luego hacer lo mismo en otro de Acevedo. En ambos casos maniataron a sus v\u00edctimas y se apoderaron de dinero, armas, objetos de valor y una camioneta.<\/p>\n","protected":false},"excerpt":{"rendered":"<p>Los procedimientos fueron realizados en la ma\u00f1ana ayer en un domicilio de calle Cruz Roja al 300. All\u00ed una comisi\u00f3n policial proveniente de Pergamino busc\u00f3 a un presunto autor de un grave hecho cometido en la zona rural de dicha localidad en el mes de febrero. Lo cierto es que no lograron encontrar a la [&hellip;]<\/p>\n","protected":false},"author":4,"featured_media":3467,"comment_status":"open","ping_status":"closed","sticky":false,"template":"","format":"standard","meta":{"om_disable_all_campaigns":false,"_jetpack_memberships_contains_paid_content":false,"footnotes":""},"categories":[50,2,103],"tags":[],"class_list":["post-3466","post","type-post","status-publish","format-standard","has-post-thumbnail","hentry","category-destacadas","category-locales","category-policiales-locales"],"aioseo_notices":[],"gutentor_comment":0,"jetpack_featured_media_url":"https:\/\/eldiariodesanpedro.com.ar\/sitio\/wp-content\/uploads\/2016\/04\/patrulla-rural-e1454594817773.jpg","jetpack_shortlink":"https:\/\/wp.me\/p6RhLt-TU","jetpack_sharing_enabled":true,"_links":{"self":[{"href":"https:\/\/eldiariodesanpedro.com.ar\/sitio\/wp-json\/wp\/v2\/posts\/3466","targetHints":{"allow":["GET"]}}],"collection":[{"href":"https:\/\/eldiariodesanpedro.com.ar\/sitio\/wp-json\/wp\/v2\/posts"}],"about":[{"href":"https:\/\/eldiariodesanpedro.com.ar\/sitio\/wp-json\/wp\/v2\/types\/post"}],"author":[{"embeddable":true,"href":"https:\/\/eldiariodesanpedro.com.ar\/sitio\/wp-json\/wp\/v2\/users\/4"}],"replies":[{"embeddable":true,"href":"https:\/\/eldiariodesanpedro.com.ar\/sitio\/wp-json\/wp\/v2\/comments?post=3466"}],"version-history":[{"count":1,"href":"https:\/\/eldiariodesanpedro.com.ar\/sitio\/wp-json\/wp\/v2\/posts\/3466\/revisions"}],"predecessor-version":[{"id":3468,"href":"https:\/\/eldiariodesanpedro.com.ar\/sitio\/wp-json\/wp\/v2\/posts\/3466\/revisions\/3468"}],"wp:featuredmedia":[{"embeddable":true,"href":"https:\/\/eldiariodesanpedro.com.ar\/sitio\/wp-json\/wp\/v2\/media\/3467"}],"wp:attachment":[{"href":"https:\/\/eldiariodesanpedro.com.ar\/sitio\/wp-json\/wp\/v2\/media?parent=3466"}],"wp:term":[{"taxonomy":"category","embeddable":true,"href":"https:\/\/eldiariodesanpedro.com.ar\/sitio\/wp-json\/wp\/v2\/categories?post=3466"},{"taxonomy":"post_tag","embeddable":true,"href":"https:\/\/eldiariodesanpedro.com.ar\/sitio\/wp-json\/wp\/v2\/tags?post=3466"}],"curies":[{"name":"wp","href":"https:\/\/api.w.org\/{rel}","templated":true}]}}