{"id":34650,"date":"2018-06-12T10:05:58","date_gmt":"2018-06-12T13:05:58","guid":{"rendered":"https:\/\/eldiariodesanpedro.com.ar\/sitio\/?p=34650"},"modified":"2018-06-12T10:05:58","modified_gmt":"2018-06-12T13:05:58","slug":"reunion-regional-sobre-politicas-socioeducativas","status":"publish","type":"post","link":"https:\/\/eldiariodesanpedro.com.ar\/sitio\/reunion-regional-sobre-politicas-socioeducativas\/","title":{"rendered":"Reuni\u00f3n regional sobre pol\u00edticas socioeducativas"},"content":{"rendered":"<p><!-- VideographyWP Plugin Message: Automatic video embedding prevented by plugin options. --><br \/>\nSan Pedro fue sede el s\u00e1bado pasado de una reuni\u00f3n de la Mesa Territorial de Pol\u00edticas Socioeducativas de la Regi\u00f3n XII. Encabezaron este encuentro los Coordinadores Regionales Marcos May, Mar\u00eda Rosa Calvo y el sampedrino Alan Ocampo. En estos primeros encuentros del a\u00f1o se planifican las acciones que se implementan durante el a\u00f1o en todas las escuelas con tem\u00e1ticas tales como la inclusi\u00f3n y adem\u00e1s la planificaci\u00f3n de sistemas de informaci\u00f3n. En cada uno de estos encuentros regionales surgen adem\u00e1s las inquietudes de cada uno de los distritos proponiendo objetivos comunes y buscando respuestas y soluciones que determinen una mejora en la calidad de las trayectorias escolares de los alumnos y, a su vez, mejoras en la inclusi\u00f3n de ni\u00f1os y j\u00f3venes no escolarizados o con vulnerabilidad social.<\/p>\n<p>Desde esta \u00e1rea se han gestado Ferias de Ciencias, el encuentro del Parlamento Juvenil del MERCOSUR y otras iniciativas que se incorporan al calendario de los estudiantes.<\/p>\n","protected":false},"excerpt":{"rendered":"<p>San Pedro fue sede el s\u00e1bado pasado de una reuni\u00f3n de la Mesa Territorial de Pol\u00edticas Socioeducativas de la Regi\u00f3n XII. Encabezaron este encuentro los Coordinadores Regionales Marcos May, Mar\u00eda Rosa Calvo y el sampedrino Alan Ocampo. En estos primeros encuentros del a\u00f1o se planifican las acciones que se implementan durante el a\u00f1o en todas [&hellip;]<\/p>\n","protected":false},"author":4,"featured_media":34651,"comment_status":"open","ping_status":"closed","sticky":false,"template":"","format":"standard","meta":{"om_disable_all_campaigns":false,"_jetpack_memberships_contains_paid_content":false,"footnotes":""},"categories":[101,2],"tags":[],"class_list":["post-34650","post","type-post","status-publish","format-standard","has-post-thumbnail","hentry","category-interes-general-locales","category-locales"],"aioseo_notices":[],"gutentor_comment":0,"jetpack_featured_media_url":"https:\/\/eldiariodesanpedro.com.ar\/sitio\/wp-content\/uploads\/2018\/06\/pastedImage-1.png","jetpack_shortlink":"https:\/\/wp.me\/p6RhLt-90S","jetpack_sharing_enabled":true,"_links":{"self":[{"href":"https:\/\/eldiariodesanpedro.com.ar\/sitio\/wp-json\/wp\/v2\/posts\/34650","targetHints":{"allow":["GET"]}}],"collection":[{"href":"https:\/\/eldiariodesanpedro.com.ar\/sitio\/wp-json\/wp\/v2\/posts"}],"about":[{"href":"https:\/\/eldiariodesanpedro.com.ar\/sitio\/wp-json\/wp\/v2\/types\/post"}],"author":[{"embeddable":true,"href":"https:\/\/eldiariodesanpedro.com.ar\/sitio\/wp-json\/wp\/v2\/users\/4"}],"replies":[{"embeddable":true,"href":"https:\/\/eldiariodesanpedro.com.ar\/sitio\/wp-json\/wp\/v2\/comments?post=34650"}],"version-history":[{"count":1,"href":"https:\/\/eldiariodesanpedro.com.ar\/sitio\/wp-json\/wp\/v2\/posts\/34650\/revisions"}],"predecessor-version":[{"id":34652,"href":"https:\/\/eldiariodesanpedro.com.ar\/sitio\/wp-json\/wp\/v2\/posts\/34650\/revisions\/34652"}],"wp:featuredmedia":[{"embeddable":true,"href":"https:\/\/eldiariodesanpedro.com.ar\/sitio\/wp-json\/wp\/v2\/media\/34651"}],"wp:attachment":[{"href":"https:\/\/eldiariodesanpedro.com.ar\/sitio\/wp-json\/wp\/v2\/media?parent=34650"}],"wp:term":[{"taxonomy":"category","embeddable":true,"href":"https:\/\/eldiariodesanpedro.com.ar\/sitio\/wp-json\/wp\/v2\/categories?post=34650"},{"taxonomy":"post_tag","embeddable":true,"href":"https:\/\/eldiariodesanpedro.com.ar\/sitio\/wp-json\/wp\/v2\/tags?post=34650"}],"curies":[{"name":"wp","href":"https:\/\/api.w.org\/{rel}","templated":true}]}}