{"id":34644,"date":"2018-06-12T09:42:01","date_gmt":"2018-06-12T12:42:01","guid":{"rendered":"https:\/\/eldiariodesanpedro.com.ar\/sitio\/?p=34644"},"modified":"2018-06-12T09:49:29","modified_gmt":"2018-06-12T12:49:29","slug":"hallan-en-san-pedro-un-raspador-de-piedra-tallado-a-mano-por-grupos-aborigenes-que-habitaron-la-zona","status":"publish","type":"post","link":"https:\/\/eldiariodesanpedro.com.ar\/sitio\/hallan-en-san-pedro-un-raspador-de-piedra-tallado-a-mano-por-grupos-aborigenes-que-habitaron-la-zona\/","title":{"rendered":"Hallan en San Pedro un raspador de piedra tallado a mano por grupos abor\u00edgenes que habitaron la zona"},"content":{"rendered":"<p><!-- VideographyWP Plugin Message: Automatic video embedding prevented by plugin options. --><br \/>\nLa familia Mirada trabajaba su campo a unos kil\u00f3metros de San Pedro en inmediaciones de las rutas 9 y 191. Con la hoja del arado cortando a unos 30 o 40 cent\u00edmetros de profundidad, hab\u00edan dado vuelta la tierra todo el d\u00eda en plena cosecha de batatas. En un descanso, luego de una fuerte lluvia, Sergio Mirada recorr\u00eda los surcos labrados cuando divis\u00f3 un peque\u00f1o objeto semi enterrado en el terreno. Lo levant\u00f3, lo limpi\u00f3 e inmediatamente comprendi\u00f3 que \u201ceso no era del campo que trabajaba\u201d. A los pocos d\u00edas, visitaba el Museo Paleontol\u00f3gico de San Pedro para acercar su descubrimiento.<\/p>\n<p>Un raspador de piedra tallado a mano<br \/>\nEl objeto hallado por Mirada es un raspador de piedra construido por pueblos abor\u00edgenes que habitaron la zona en \u00e9pocas pasadas. Es de color gris\u00e1ceo, semi opaco y presenta signos inequ\u00edvocos de haber sido trabajado intencionalmente para darle filo. El objeto es de forma alargada (46 mm largo) y aplanada (7 mm de espesor), con un ancho m\u00e1ximo de 23 mm.<br \/>\nTodo el largo de sus bordes, uno principalmente, presenta un micro denticulado (aserrado) logrado con peque\u00f1os golpecillos que han ido afinando dicho borde hasta hacerlo cortante.<br \/>\nEl raspador est\u00e1 trabajado en una roca de aspecto vidrioso que, seg\u00fan la opini\u00f3n del ge\u00f3logo Enrique Hopman, \u201cparece ser s\u00edlice criptocristalino (calcedonia), material que es m\u00e1s bien de origen volc\u00e1nico hidrotermal, aunque deber\u00eda analizarse microsc\u00f3picamente para determinarse bien su origen\u201d.<\/p>\n<p>Intercambio ancestral de bienes<br \/>\n  Numerosos investigadores han estudiado la movilidad de las diferentes etnias que poblaban la llanura pampeana y la ribera del Paran\u00e1, detectando el intercambio de bienes de consumo entre los diferentes grupos. Pueblos que habitaban nuestra zona, abundante en ciertos alimentos animales y plantas de semilla, b\u00e1sicamente, intercambiaban con pueblos asentados en serran\u00edas o zonas donde dispon\u00edan de rocas que posibilitaban la confecci\u00f3n de elementos necesarios para la vida diaria, como estos raspadores.<br \/>\nSi bien los pueblos del norte bonaerense eran principalmente cazadores-recolectores, se sabe que se desplazaban por algunos cientos de kil\u00f3metros para canjear ciertos elementos. As\u00ed, tomaban contacto con grupos de Tandilia, de las sierras centrales o de la isla Mart\u00edn Garc\u00eda. Todos lugares que podr\u00edan haber aportado materiales l\u00edticos sobre los cuales trabajar objetos cortantes, puntas de flecha o bolas de boleadoras, entre otros.<\/p>\n<p>Desde el Grupo Conservacionista, equipo del Museo Paleontol\u00f3gico de San Pedro, agregan que \u201clos raspadores como el encontrado por la familia Mirada se utilizaban, principalmente, para separar la carne de los huesos de los diferentes animales que compon\u00edan la dieta de los pueblos asentados en los campos y riberas de la zona. Carpinchos, ciervos, nutrias, \u00f1and\u00faes, peces, aves acu\u00e1ticas y otras especies eran aprovechadas como fuente de prote\u00ednas, especialmente en la \u00e9poca de verano donde la abundancia de caza y pesca ofrec\u00eda buenos recursos a los antiguos pobladores de la zona. Estos elementos afilados y cortantes, dif\u00edciles de observar en nuestra zona,  eran muy \u00fatiles a la hora de aprovechar al m\u00e1ximo esos alimentos.\u201d<\/p>\n<p><img decoding=\"async\" data-attachment-id=\"34646\" data-permalink=\"https:\/\/eldiariodesanpedro.com.ar\/sitio\/hallan-en-san-pedro-un-raspador-de-piedra-tallado-a-mano-por-grupos-aborigenes-que-habitaron-la-zona\/raspador\/\" data-orig-file=\"https:\/\/eldiariodesanpedro.com.ar\/sitio\/wp-content\/uploads\/2018\/06\/Raspador.jpg\" data-orig-size=\"950,1433\" data-comments-opened=\"1\" data-image-meta=\"{&quot;aperture&quot;:&quot;0&quot;,&quot;credit&quot;:&quot;&quot;,&quot;camera&quot;:&quot;&quot;,&quot;caption&quot;:&quot;&quot;,&quot;created_timestamp&quot;:&quot;0&quot;,&quot;copyright&quot;:&quot;&quot;,&quot;focal_length&quot;:&quot;0&quot;,&quot;iso&quot;:&quot;0&quot;,&quot;shutter_speed&quot;:&quot;0&quot;,&quot;title&quot;:&quot;&quot;,&quot;orientation&quot;:&quot;0&quot;}\" data-image-title=\"Raspador\" data-image-description=\"\" data-image-caption=\"\" data-large-file=\"https:\/\/eldiariodesanpedro.com.ar\/sitio\/wp-content\/uploads\/2018\/06\/Raspador-679x1024.jpg\" data-src=\"https:\/\/eldiariodesanpedro.com.ar\/sitio\/wp-content\/uploads\/2018\/06\/Raspador-679x1024.jpg\" alt=\"\" width=\"660\" height=\"995\" class=\"alignnone size-large wp-image-34646 lazyload\" data-srcset=\"https:\/\/eldiariodesanpedro.com.ar\/sitio\/wp-content\/uploads\/2018\/06\/Raspador-679x1024.jpg 679w, https:\/\/eldiariodesanpedro.com.ar\/sitio\/wp-content\/uploads\/2018\/06\/Raspador-199x300.jpg 199w, https:\/\/eldiariodesanpedro.com.ar\/sitio\/wp-content\/uploads\/2018\/06\/Raspador-768x1158.jpg 768w, https:\/\/eldiariodesanpedro.com.ar\/sitio\/wp-content\/uploads\/2018\/06\/Raspador.jpg 950w\" data-sizes=\"(max-width: 660px) 100vw, 660px\" src=\"data:image\/svg+xml;base64,PHN2ZyB3aWR0aD0iMSIgaGVpZ2h0PSIxIiB4bWxucz0iaHR0cDovL3d3dy53My5vcmcvMjAwMC9zdmciPjwvc3ZnPg==\" style=\"--smush-placeholder-width: 660px; --smush-placeholder-aspect-ratio: 660\/995;\" \/><\/p>\n","protected":false},"excerpt":{"rendered":"<p>La familia Mirada trabajaba su campo a unos kil\u00f3metros de San Pedro en inmediaciones de las rutas 9 y 191. Con la hoja del arado cortando a unos 30 o 40 cent\u00edmetros de profundidad, hab\u00edan dado vuelta la tierra todo el d\u00eda en plena cosecha de batatas. En un descanso, luego de una fuerte lluvia, [&hellip;]<\/p>\n","protected":false},"author":4,"featured_media":34645,"comment_status":"open","ping_status":"closed","sticky":false,"template":"","format":"standard","meta":{"om_disable_all_campaigns":false,"_jetpack_memberships_contains_paid_content":false,"footnotes":""},"categories":[101,2],"tags":[],"class_list":["post-34644","post","type-post","status-publish","format-standard","has-post-thumbnail","hentry","category-interes-general-locales","category-locales"],"aioseo_notices":[],"gutentor_comment":0,"jetpack_featured_media_url":"https:\/\/eldiariodesanpedro.com.ar\/sitio\/wp-content\/uploads\/2018\/06\/100_0097svs.jpg","jetpack_shortlink":"https:\/\/wp.me\/p6RhLt-90M","jetpack_sharing_enabled":true,"_links":{"self":[{"href":"https:\/\/eldiariodesanpedro.com.ar\/sitio\/wp-json\/wp\/v2\/posts\/34644","targetHints":{"allow":["GET"]}}],"collection":[{"href":"https:\/\/eldiariodesanpedro.com.ar\/sitio\/wp-json\/wp\/v2\/posts"}],"about":[{"href":"https:\/\/eldiariodesanpedro.com.ar\/sitio\/wp-json\/wp\/v2\/types\/post"}],"author":[{"embeddable":true,"href":"https:\/\/eldiariodesanpedro.com.ar\/sitio\/wp-json\/wp\/v2\/users\/4"}],"replies":[{"embeddable":true,"href":"https:\/\/eldiariodesanpedro.com.ar\/sitio\/wp-json\/wp\/v2\/comments?post=34644"}],"version-history":[{"count":3,"href":"https:\/\/eldiariodesanpedro.com.ar\/sitio\/wp-json\/wp\/v2\/posts\/34644\/revisions"}],"predecessor-version":[{"id":34649,"href":"https:\/\/eldiariodesanpedro.com.ar\/sitio\/wp-json\/wp\/v2\/posts\/34644\/revisions\/34649"}],"wp:featuredmedia":[{"embeddable":true,"href":"https:\/\/eldiariodesanpedro.com.ar\/sitio\/wp-json\/wp\/v2\/media\/34645"}],"wp:attachment":[{"href":"https:\/\/eldiariodesanpedro.com.ar\/sitio\/wp-json\/wp\/v2\/media?parent=34644"}],"wp:term":[{"taxonomy":"category","embeddable":true,"href":"https:\/\/eldiariodesanpedro.com.ar\/sitio\/wp-json\/wp\/v2\/categories?post=34644"},{"taxonomy":"post_tag","embeddable":true,"href":"https:\/\/eldiariodesanpedro.com.ar\/sitio\/wp-json\/wp\/v2\/tags?post=34644"}],"curies":[{"name":"wp","href":"https:\/\/api.w.org\/{rel}","templated":true}]}}