{"id":34641,"date":"2018-06-12T09:36:02","date_gmt":"2018-06-12T12:36:02","guid":{"rendered":"https:\/\/eldiariodesanpedro.com.ar\/sitio\/?p=34641"},"modified":"2018-06-12T09:36:02","modified_gmt":"2018-06-12T12:36:02","slug":"segundo-taller-sobre-exportacion-en-san-nicolas","status":"publish","type":"post","link":"https:\/\/eldiariodesanpedro.com.ar\/sitio\/segundo-taller-sobre-exportacion-en-san-nicolas\/","title":{"rendered":"Segundo taller sobre exportaci\u00f3n en San Nicol\u00e1s"},"content":{"rendered":"<p><!-- VideographyWP Plugin Message: Automatic video embedding prevented by plugin options. --><br \/>\nEl pr\u00f3ximo mi\u00e9rcoles 13 de junio se desarrollar\u00e1n en San Nicol\u00e1s el taller de \u201cGesti\u00f3n comercial de una Exportaci\u00f3n\u201d donde se analizar\u00e1n las distintas alternativas para identificar y contactar clientes en el exterior.<\/p>\n<p>Es el segundo encuentro del ciclo de talleres sobre exportaci\u00f3n que se desarrolla de manera itinerante en la provincia de Buenos Aires en 2018, tras el primero que se concret\u00f3 en abril en nuestra ciudad.<\/p>\n<p>La iniciativa surge de la cooperaci\u00f3n entre la Agencia de Promoci\u00f3n de Inversiones y Comercio Exterior de la Provincia de Buenos Aires (GLOBA) y los Municipios de San Pedro, Pergamino y San Nicol\u00e1s. Cuenta tambi\u00e9n con el apoyo de la Agencia Argentina de Inversiones y Comercio Internacional (AAICI). Invita la C\u00e1mara de Comercio Exterior del Centro de Comercio, Industria y Turismo de San Pedro.<\/p>\n<p>Titulada \u201cGesti\u00f3n comercial de una exportaci\u00f3n\u201d, la actividad est\u00e1 destinada a empresas, estudiantes, profesionales de comercio exterior, contadores y todo aquel interesado en exportaci\u00f3n. Los temas que se tratar\u00e1n durante el taller son: instrumentos de pago en comercio Internacional, construcci\u00f3n del precio de exportaci\u00f3n, \u00bfC\u00f3mo cotizar eficientemente?, proceso de selecci\u00f3n de mercados y acciones para conseguir clientes en el exterior.<\/p>\n<p>Todo aquel interesado puede inscribirse gratuitamente online: https:\/\/bit.ly\/2GeA9gM. Para mayor informaci\u00f3n comunicarse a exportacionespba@sg.gba.gob.ar o (011) 4342-9040<\/p>\n<p>Detalles:<br \/>\nFecha: 13 de junio de 2018 de 10 a 13hs<br \/>\nLugar: Puerto de San Nicol\u00e1s<br \/>\nCalle: Bogado y Subiza.<br \/>\nOradores: V\u00edctor Barrionuevo \/ Gonzalo L\u00f3pez<\/p>\n","protected":false},"excerpt":{"rendered":"<p>El pr\u00f3ximo mi\u00e9rcoles 13 de junio se desarrollar\u00e1n en San Nicol\u00e1s el taller de \u201cGesti\u00f3n comercial de una Exportaci\u00f3n\u201d donde se analizar\u00e1n las distintas alternativas para identificar y contactar clientes en el exterior. Es el segundo encuentro del ciclo de talleres sobre exportaci\u00f3n que se desarrolla de manera itinerante en la provincia de Buenos Aires [&hellip;]<\/p>\n","protected":false},"author":4,"featured_media":34642,"comment_status":"open","ping_status":"closed","sticky":false,"template":"","format":"standard","meta":{"om_disable_all_campaigns":false,"_jetpack_memberships_contains_paid_content":false,"footnotes":""},"categories":[101,2],"tags":[],"class_list":["post-34641","post","type-post","status-publish","format-standard","has-post-thumbnail","hentry","category-interes-general-locales","category-locales"],"aioseo_notices":[],"gutentor_comment":0,"jetpack_featured_media_url":"https:\/\/eldiariodesanpedro.com.ar\/sitio\/wp-content\/uploads\/2018\/06\/unnamed-3.jpg","jetpack_shortlink":"https:\/\/wp.me\/p6RhLt-90J","jetpack_sharing_enabled":true,"_links":{"self":[{"href":"https:\/\/eldiariodesanpedro.com.ar\/sitio\/wp-json\/wp\/v2\/posts\/34641","targetHints":{"allow":["GET"]}}],"collection":[{"href":"https:\/\/eldiariodesanpedro.com.ar\/sitio\/wp-json\/wp\/v2\/posts"}],"about":[{"href":"https:\/\/eldiariodesanpedro.com.ar\/sitio\/wp-json\/wp\/v2\/types\/post"}],"author":[{"embeddable":true,"href":"https:\/\/eldiariodesanpedro.com.ar\/sitio\/wp-json\/wp\/v2\/users\/4"}],"replies":[{"embeddable":true,"href":"https:\/\/eldiariodesanpedro.com.ar\/sitio\/wp-json\/wp\/v2\/comments?post=34641"}],"version-history":[{"count":1,"href":"https:\/\/eldiariodesanpedro.com.ar\/sitio\/wp-json\/wp\/v2\/posts\/34641\/revisions"}],"predecessor-version":[{"id":34643,"href":"https:\/\/eldiariodesanpedro.com.ar\/sitio\/wp-json\/wp\/v2\/posts\/34641\/revisions\/34643"}],"wp:featuredmedia":[{"embeddable":true,"href":"https:\/\/eldiariodesanpedro.com.ar\/sitio\/wp-json\/wp\/v2\/media\/34642"}],"wp:attachment":[{"href":"https:\/\/eldiariodesanpedro.com.ar\/sitio\/wp-json\/wp\/v2\/media?parent=34641"}],"wp:term":[{"taxonomy":"category","embeddable":true,"href":"https:\/\/eldiariodesanpedro.com.ar\/sitio\/wp-json\/wp\/v2\/categories?post=34641"},{"taxonomy":"post_tag","embeddable":true,"href":"https:\/\/eldiariodesanpedro.com.ar\/sitio\/wp-json\/wp\/v2\/tags?post=34641"}],"curies":[{"name":"wp","href":"https:\/\/api.w.org\/{rel}","templated":true}]}}