{"id":34639,"date":"2018-06-12T09:32:20","date_gmt":"2018-06-12T12:32:20","guid":{"rendered":"https:\/\/eldiariodesanpedro.com.ar\/sitio\/?p=34639"},"modified":"2018-06-12T09:32:20","modified_gmt":"2018-06-12T12:32:20","slug":"choque-entre-un-automovil-y-dos-bicicletas","status":"publish","type":"post","link":"https:\/\/eldiariodesanpedro.com.ar\/sitio\/choque-entre-un-automovil-y-dos-bicicletas\/","title":{"rendered":"Choque entre un autom\u00f3vil y dos bicicletas"},"content":{"rendered":"<p><!-- VideographyWP Plugin Message: Automatic video embedding prevented by plugin options. --><br \/>\nEste  lunes por la ma\u00f1ana cerca de las 8:00hs se produce un accidente de transito en intersecci\u00f3n de calle Salta y Caroni donde un autom\u00f3vil Ford Fiesta conducido por una mujer de 56 a\u00f1os colision\u00f3 con dos bicicletas guiada por un hombre de 53 a\u00f1os y un joven de 26 que como consecuencia ambos ciudadanos fueron trasladados por el SAME a la Guardia del Hospital donde se dictamino que ten\u00edan lesiones de car\u00e1cter leves.<\/p>\n","protected":false},"excerpt":{"rendered":"<p>Este lunes por la ma\u00f1ana cerca de las 8:00hs se produce un accidente de transito en intersecci\u00f3n de calle Salta y Caroni donde un autom\u00f3vil Ford Fiesta conducido por una mujer de 56 a\u00f1os colision\u00f3 con dos bicicletas guiada por un hombre de 53 a\u00f1os y un joven de 26 que como consecuencia ambos ciudadanos [&hellip;]<\/p>\n","protected":false},"author":4,"featured_media":24578,"comment_status":"open","ping_status":"closed","sticky":false,"template":"","format":"standard","meta":{"om_disable_all_campaigns":false,"_jetpack_memberships_contains_paid_content":false,"footnotes":""},"categories":[2,103],"tags":[],"class_list":["post-34639","post","type-post","status-publish","format-standard","has-post-thumbnail","hentry","category-locales","category-policiales-locales"],"aioseo_notices":[],"gutentor_comment":0,"jetpack_featured_media_url":"https:\/\/eldiariodesanpedro.com.ar\/sitio\/wp-content\/uploads\/2017\/10\/guardia-hospital-local-san-pedro.jpg","jetpack_shortlink":"https:\/\/wp.me\/p6RhLt-90H","jetpack_sharing_enabled":true,"_links":{"self":[{"href":"https:\/\/eldiariodesanpedro.com.ar\/sitio\/wp-json\/wp\/v2\/posts\/34639","targetHints":{"allow":["GET"]}}],"collection":[{"href":"https:\/\/eldiariodesanpedro.com.ar\/sitio\/wp-json\/wp\/v2\/posts"}],"about":[{"href":"https:\/\/eldiariodesanpedro.com.ar\/sitio\/wp-json\/wp\/v2\/types\/post"}],"author":[{"embeddable":true,"href":"https:\/\/eldiariodesanpedro.com.ar\/sitio\/wp-json\/wp\/v2\/users\/4"}],"replies":[{"embeddable":true,"href":"https:\/\/eldiariodesanpedro.com.ar\/sitio\/wp-json\/wp\/v2\/comments?post=34639"}],"version-history":[{"count":1,"href":"https:\/\/eldiariodesanpedro.com.ar\/sitio\/wp-json\/wp\/v2\/posts\/34639\/revisions"}],"predecessor-version":[{"id":34640,"href":"https:\/\/eldiariodesanpedro.com.ar\/sitio\/wp-json\/wp\/v2\/posts\/34639\/revisions\/34640"}],"wp:featuredmedia":[{"embeddable":true,"href":"https:\/\/eldiariodesanpedro.com.ar\/sitio\/wp-json\/wp\/v2\/media\/24578"}],"wp:attachment":[{"href":"https:\/\/eldiariodesanpedro.com.ar\/sitio\/wp-json\/wp\/v2\/media?parent=34639"}],"wp:term":[{"taxonomy":"category","embeddable":true,"href":"https:\/\/eldiariodesanpedro.com.ar\/sitio\/wp-json\/wp\/v2\/categories?post=34639"},{"taxonomy":"post_tag","embeddable":true,"href":"https:\/\/eldiariodesanpedro.com.ar\/sitio\/wp-json\/wp\/v2\/tags?post=34639"}],"curies":[{"name":"wp","href":"https:\/\/api.w.org\/{rel}","templated":true}]}}