{"id":34633,"date":"2018-06-11T20:22:15","date_gmt":"2018-06-11T23:22:15","guid":{"rendered":"https:\/\/eldiariodesanpedro.com.ar\/sitio\/?p=34633"},"modified":"2018-06-11T20:22:15","modified_gmt":"2018-06-11T23:22:15","slug":"arrecifes-ya-arrancaron-las-quejas-por-el-estacionamiento-medido","status":"publish","type":"post","link":"https:\/\/eldiariodesanpedro.com.ar\/sitio\/arrecifes-ya-arrancaron-las-quejas-por-el-estacionamiento-medido\/","title":{"rendered":"ARRECIFES: Ya arrancaron las quejas por el estacionamiento medido"},"content":{"rendered":"<p><!-- VideographyWP Plugin Message: Automatic video embedding prevented by plugin options. --><br \/>\nNo pasaron tres d\u00edas de la implementaci\u00f3n del Sistema de Estacionamiento Medido en Arrecifes y ya comenzaron las quejas. Comerciantes de calle Ricardo Guti\u00e9rrez se manifestaron muy preocupados por ca\u00edda de las ventas en estos d\u00edas. Seg\u00fan sostienen, \u201cla gente busca otros comercios fuera de la zona c\u00e9ntrica donde no tienen que pagar estacionamiento\u201d.<\/p>\n<p>  El secretario de Seguridad municipal, Dr. Jos\u00e9 Tenorio, defendi\u00f3 la medida. En Radio Uno (107.1), manifest\u00f3: \u201cNo creo que nadie deje de comprar en un comercio por 5 pesos. Eso es lo que vale la media hora de estacionamiento, tiempo m\u00e1s que suficiente para realizar una compra y ahora pudiendo estacionar c\u00f3modamente \u00a1Cinco pesos! Que, encima sirven para colaborar con el Hospital. A esta medida, entre otras cosas, la adoptamos para favorecer a los comerciantes de calle Ricardo Guti\u00e9rrez. Antes, muchos se quejaban de que la gente no paraba porque no ten\u00eda lugar para estacionar\u201d.<\/p>\n<p>  Un grupo de comerciantes estaba organiz\u00e1ndose para reunirse y pedir que se levante la medida. Otros informaron a este medio que prefer\u00edan esperar un tiempo m\u00e1s a ver el resultado del estacionamiento medido.<\/p>\n<p>  Lo cierto es que este sistema reci\u00e9n se inicia, que es in\u00e9dito en nuestra ciudad y hay que darle tiempo a que la gente se acostumbre. Y tambi\u00e9n es cierto que, los arrecife\u00f1os somos muy complicados: tenemos la cr\u00edtica f\u00e1cil y en casi nada nos ponemos de acuerdo.<\/p>\n<p>Fuente: Arrecifes Noticias<\/p>\n","protected":false},"excerpt":{"rendered":"<p>No pasaron tres d\u00edas de la implementaci\u00f3n del Sistema de Estacionamiento Medido en Arrecifes y ya comenzaron las quejas. Comerciantes de calle Ricardo Guti\u00e9rrez se manifestaron muy preocupados por ca\u00edda de las ventas en estos d\u00edas. Seg\u00fan sostienen, \u201cla gente busca otros comercios fuera de la zona c\u00e9ntrica donde no tienen que pagar estacionamiento\u201d. El [&hellip;]<\/p>\n","protected":false},"author":4,"featured_media":34634,"comment_status":"open","ping_status":"closed","sticky":false,"template":"","format":"standard","meta":{"om_disable_all_campaigns":false,"_jetpack_memberships_contains_paid_content":false,"footnotes":""},"categories":[621],"tags":[],"class_list":["post-34633","post","type-post","status-publish","format-standard","has-post-thumbnail","hentry","category-regionales"],"aioseo_notices":[],"gutentor_comment":0,"jetpack_featured_media_url":"https:\/\/eldiariodesanpedro.com.ar\/sitio\/wp-content\/uploads\/2018\/06\/Estacionamiento-medido.jpg","jetpack_shortlink":"https:\/\/wp.me\/p6RhLt-90B","jetpack_sharing_enabled":true,"_links":{"self":[{"href":"https:\/\/eldiariodesanpedro.com.ar\/sitio\/wp-json\/wp\/v2\/posts\/34633","targetHints":{"allow":["GET"]}}],"collection":[{"href":"https:\/\/eldiariodesanpedro.com.ar\/sitio\/wp-json\/wp\/v2\/posts"}],"about":[{"href":"https:\/\/eldiariodesanpedro.com.ar\/sitio\/wp-json\/wp\/v2\/types\/post"}],"author":[{"embeddable":true,"href":"https:\/\/eldiariodesanpedro.com.ar\/sitio\/wp-json\/wp\/v2\/users\/4"}],"replies":[{"embeddable":true,"href":"https:\/\/eldiariodesanpedro.com.ar\/sitio\/wp-json\/wp\/v2\/comments?post=34633"}],"version-history":[{"count":1,"href":"https:\/\/eldiariodesanpedro.com.ar\/sitio\/wp-json\/wp\/v2\/posts\/34633\/revisions"}],"predecessor-version":[{"id":34635,"href":"https:\/\/eldiariodesanpedro.com.ar\/sitio\/wp-json\/wp\/v2\/posts\/34633\/revisions\/34635"}],"wp:featuredmedia":[{"embeddable":true,"href":"https:\/\/eldiariodesanpedro.com.ar\/sitio\/wp-json\/wp\/v2\/media\/34634"}],"wp:attachment":[{"href":"https:\/\/eldiariodesanpedro.com.ar\/sitio\/wp-json\/wp\/v2\/media?parent=34633"}],"wp:term":[{"taxonomy":"category","embeddable":true,"href":"https:\/\/eldiariodesanpedro.com.ar\/sitio\/wp-json\/wp\/v2\/categories?post=34633"},{"taxonomy":"post_tag","embeddable":true,"href":"https:\/\/eldiariodesanpedro.com.ar\/sitio\/wp-json\/wp\/v2\/tags?post=34633"}],"curies":[{"name":"wp","href":"https:\/\/api.w.org\/{rel}","templated":true}]}}