{"id":34630,"date":"2018-06-11T20:18:48","date_gmt":"2018-06-11T23:18:48","guid":{"rendered":"https:\/\/eldiariodesanpedro.com.ar\/sitio\/?p=34630"},"modified":"2018-06-11T20:18:48","modified_gmt":"2018-06-11T23:18:48","slug":"ramallo-nuevamente-un-chofer-del-500-baja-a-los-pasajeros","status":"publish","type":"post","link":"https:\/\/eldiariodesanpedro.com.ar\/sitio\/ramallo-nuevamente-un-chofer-del-500-baja-a-los-pasajeros\/","title":{"rendered":"RAMALLO: Nuevamente un chofer del 500 baja a los pasajeros"},"content":{"rendered":"<p><!-- VideographyWP Plugin Message: Automatic video embedding prevented by plugin options. --><br \/>\nNuevamente un reclamo por el mal servicio que brindan desde la l\u00ednea 500. Ya es el tercer caso que llega a esta redacci\u00f3n en donde los vecinos van a tomarse el cole y por no tener cambio los bajan.<\/p>\n<p>  \u201c\u00c9sta ma\u00f1ana mi hijo (8) y mi cu\u00f1ada (16) tomaron el colectivo local 500 para poder llegar hasta el barrio Santa Rosa \u00a1\u00a1m\u00e1s de 20 cuadras!! \u00a1\u00a1Pero este pedazo de bestia los baj\u00f3 en la esquina de Paran\u00e1, es decir dos cuadras m\u00e1s adelante, porque no ten\u00eda para darles el vuelto!! Le pagaron con $20. De \u00faltima d\u00e9jatelo, pero no los dejes tirados en la calle con este fr\u00edo. \u00a1INHUMANO! no me quisiste decir tu nombre, pero todo vuelve\u201d, public\u00f3 un vecino indignado por la horrible situaci\u00f3n que debieron pasar estos menores.<\/p>\n<p>  En otro de los casos, el chofer baj\u00f3 a una mam\u00e1 y a su hijo por no llevar cambio, la mujer se subi\u00f3 en el pueblo y deb\u00eda ir a su trabajo en Villa Ramallo. Tuvo que llegar m\u00e1s tarde porque el colectivero la baj\u00f3.<\/p>\n<p>  Desde la empresa hab\u00edan informado que, a partir del 1 de julio, no iban a trabajar m\u00e1s con efectivo, por lo que cada pasajero deb\u00eda tramitar la tarjeta magn\u00e9tica, pero indicaron que hasta entonces iban a seguir cobrando en efectivo.<\/p>\n<p>Fuente: Ramallo Informa<\/p>\n","protected":false},"excerpt":{"rendered":"<p>Nuevamente un reclamo por el mal servicio que brindan desde la l\u00ednea 500. Ya es el tercer caso que llega a esta redacci\u00f3n en donde los vecinos van a tomarse el cole y por no tener cambio los bajan. \u201c\u00c9sta ma\u00f1ana mi hijo (8) y mi cu\u00f1ada (16) tomaron el colectivo local 500 para poder [&hellip;]<\/p>\n","protected":false},"author":4,"featured_media":34631,"comment_status":"open","ping_status":"closed","sticky":false,"template":"","format":"standard","meta":{"om_disable_all_campaigns":false,"_jetpack_memberships_contains_paid_content":false,"footnotes":""},"categories":[621],"tags":[],"class_list":["post-34630","post","type-post","status-publish","format-standard","has-post-thumbnail","hentry","category-regionales"],"aioseo_notices":[],"gutentor_comment":0,"jetpack_featured_media_url":"https:\/\/eldiariodesanpedro.com.ar\/sitio\/wp-content\/uploads\/2018\/06\/ramallo-L\u00ednea-500.jpg","jetpack_shortlink":"https:\/\/wp.me\/p6RhLt-90y","jetpack_sharing_enabled":true,"_links":{"self":[{"href":"https:\/\/eldiariodesanpedro.com.ar\/sitio\/wp-json\/wp\/v2\/posts\/34630","targetHints":{"allow":["GET"]}}],"collection":[{"href":"https:\/\/eldiariodesanpedro.com.ar\/sitio\/wp-json\/wp\/v2\/posts"}],"about":[{"href":"https:\/\/eldiariodesanpedro.com.ar\/sitio\/wp-json\/wp\/v2\/types\/post"}],"author":[{"embeddable":true,"href":"https:\/\/eldiariodesanpedro.com.ar\/sitio\/wp-json\/wp\/v2\/users\/4"}],"replies":[{"embeddable":true,"href":"https:\/\/eldiariodesanpedro.com.ar\/sitio\/wp-json\/wp\/v2\/comments?post=34630"}],"version-history":[{"count":1,"href":"https:\/\/eldiariodesanpedro.com.ar\/sitio\/wp-json\/wp\/v2\/posts\/34630\/revisions"}],"predecessor-version":[{"id":34632,"href":"https:\/\/eldiariodesanpedro.com.ar\/sitio\/wp-json\/wp\/v2\/posts\/34630\/revisions\/34632"}],"wp:featuredmedia":[{"embeddable":true,"href":"https:\/\/eldiariodesanpedro.com.ar\/sitio\/wp-json\/wp\/v2\/media\/34631"}],"wp:attachment":[{"href":"https:\/\/eldiariodesanpedro.com.ar\/sitio\/wp-json\/wp\/v2\/media?parent=34630"}],"wp:term":[{"taxonomy":"category","embeddable":true,"href":"https:\/\/eldiariodesanpedro.com.ar\/sitio\/wp-json\/wp\/v2\/categories?post=34630"},{"taxonomy":"post_tag","embeddable":true,"href":"https:\/\/eldiariodesanpedro.com.ar\/sitio\/wp-json\/wp\/v2\/tags?post=34630"}],"curies":[{"name":"wp","href":"https:\/\/api.w.org\/{rel}","templated":true}]}}